{"id":214921,"date":"2026-01-04T19:45:08","date_gmt":"2026-01-04T19:45:08","guid":{"rendered":"https:\/\/www.europesays.com\/pt\/214921\/"},"modified":"2026-01-04T19:45:08","modified_gmt":"2026-01-04T19:45:08","slug":"cinco-barragens-do-algarve-estao-a-fazer-descargas","status":"publish","type":"post","link":"https:\/\/www.europesays.com\/pt\/214921\/","title":{"rendered":"Cinco barragens do Algarve est\u00e3o a fazer descargas"},"content":{"rendered":"<p data-remotead-prev-elm=\"true\" data-remotead-elm-id=\"inread\">A precipita\u00e7\u00e3o intensa provocada pela tempestade Francis contribuiu para repor a \u00e1gua nas barragens algarvias, regi\u00e3o que viveu uma seca prolongada ao longo da \u00faltima d\u00e9cada.<\/p>\n<p>Em algumas barragens, foi ultrapassada a capacidade de armazenamento e houve necessidade de fazer descargas.<\/p>\n<p>Segundo a Ag\u00eancia Portuguesa do Ambiente (APA), essas opera\u00e7\u00f5es est\u00e3o a decorrer com &#8220;acompanhamento t\u00e9cnico e em total controlo&#8221;, mas pede \u00e0 popula\u00e7\u00e3o para seguir as normas de seguran\u00e7a.<\/p>\n<p data-remotead-prev-elm=\"true\" data-remotead-elm-id=\"centro1\">Neste domingo, est\u00e3o a libertar os excedentes \u00e0 superf\u00edcie as barragens de Odeleite e do Beliche. Mas a do Funcho, do Arade e de Odelouca tamb\u00e9m est\u00e3o a efetuar descargas controladas.<\/p>\n<p>&#8220;A barragem da Bravura \u00e9 a \u00fanica que ainda n\u00e3o iniciou este procedimento, mas poder\u00e1 avan\u00e7ar nos pr\u00f3ximos dias, atendendo \u00e0 previs\u00e3o de mais precipita\u00e7\u00e3o&#8221;, esclarece a APA.<\/p>\n<p>A Ag\u00eancia, referindo que &#8220;acompanha a situa\u00e7\u00e3o de forma cont\u00ednua&#8221;, refor\u00e7a &#8220;o apelo ao cumprimento das recomenda\u00e7\u00f5es de seguran\u00e7a, evitando a perman\u00eancia em zonas ribeirinhas e junto aos \u00f3rg\u00e3os de descarga&#8221;.<\/p>\n<p>Para a APA, trata-se de um &#8220;momento marcante para a gest\u00e3o da \u00e1gua no Algarve, ap\u00f3s cerca de 10 anos de seca&#8221;, constatando que &#8220;as barragens da regi\u00e3o registam n\u00edveis elevados de armazenamento&#8221;.<\/p>\n","protected":false},"excerpt":{"rendered":"A precipita\u00e7\u00e3o intensa provocada pela tempestade Francis contribuiu para repor a \u00e1gua nas barragens algarvias, regi\u00e3o que viveu&hellip;\n","protected":false},"author":2,"featured_media":214922,"comment_status":"","ping_status":"","sticky":false,"template":"","format":"standard","meta":{"footnotes":""},"categories":[10],"tags":[16151,2569,5455,27,28,41928,15,16,14,25,26,21,22,619,12,13,19,20,32,23,24,33,17,18,29,30,31],"class_list":{"0":"post-214921","1":"post","2":"type-post","3":"status-publish","4":"format-standard","5":"has-post-thumbnail","7":"category-portugal","8":"tag-agencia-portuguesa-do-ambiente","9":"tag-algarve","10":"tag-barragens","11":"tag-breaking-news","12":"tag-breakingnews","13":"tag-descarga","14":"tag-featured-news","15":"tag-featurednews","16":"tag-headlines","17":"tag-latest-news","18":"tag-latestnews","19":"tag-main-news","20":"tag-mainnews","21":"tag-nacional","22":"tag-news","23":"tag-noticias","24":"tag-noticias-principais","25":"tag-noticiasprincipais","26":"tag-portugal","27":"tag-principais-noticias","28":"tag-principaisnoticias","29":"tag-pt","30":"tag-top-stories","31":"tag-topstories","32":"tag-ultimas","33":"tag-ultimas-noticias","34":"tag-ultimasnoticias"},"share_on_mastodon":{"url":"https:\/\/pubeurope.com\/@pt\/115838551599534236","error":""},"_links":{"self":[{"href":"https:\/\/www.europesays.com\/pt\/wp-json\/wp\/v2\/posts\/214921","targetHints":{"allow":["GET"]}}],"collection":[{"href":"https:\/\/www.europesays.com\/pt\/wp-json\/wp\/v2\/posts"}],"about":[{"href":"https:\/\/www.europesays.com\/pt\/wp-json\/wp\/v2\/types\/post"}],"author":[{"embeddable":true,"href":"https:\/\/www.europesays.com\/pt\/wp-json\/wp\/v2\/users\/2"}],"replies":[{"embeddable":true,"href":"https:\/\/www.europesays.com\/pt\/wp-json\/wp\/v2\/comments?post=214921"}],"version-history":[{"count":0,"href":"https:\/\/www.europesays.com\/pt\/wp-json\/wp\/v2\/posts\/214921\/revisions"}],"wp:featuredmedia":[{"embeddable":true,"href":"https:\/\/www.europesays.com\/pt\/wp-json\/wp\/v2\/media\/214922"}],"wp:attachment":[{"href":"https:\/\/www.europesays.com\/pt\/wp-json\/wp\/v2\/media?parent=214921"}],"wp:term":[{"taxonomy":"category","embeddable":true,"href":"https:\/\/www.europesays.com\/pt\/wp-json\/wp\/v2\/categories?post=214921"},{"taxonomy":"post_tag","embeddable":true,"href":"https:\/\/www.europesays.com\/pt\/wp-json\/wp\/v2\/tags?post=214921"}],"curies":[{"name":"wp","href":"https:\/\/api.w.org\/{rel}","templated":true}]}}