{"id":21496,"date":"2025-08-08T18:35:08","date_gmt":"2025-08-08T18:35:08","guid":{"rendered":"https:\/\/www.europesays.com\/pt\/21496\/"},"modified":"2025-08-08T18:35:08","modified_gmt":"2025-08-08T18:35:08","slug":"tribunal-constitucional-declara-inconstitucionais-cinco-normas-da-lei-dos-estrangeiros","status":"publish","type":"post","link":"https:\/\/www.europesays.com\/pt\/21496\/","title":{"rendered":"Tribunal Constitucional declara inconstitucionais cinco normas da Lei dos Estrangeiros"},"content":{"rendered":"<p>\t                Presidente do Tribunal Constitucional diz que normas v\u00e3o contra a prote\u00e7\u00e3o que \u00e9 constitucionalmente devida \u00e0 fam\u00edlia<\/p>\n<p style=\"margin-bottom:11px\">O Tribunal Constitucional chumbou a Lei dos Estrangeiros aprovada na Assembleia da Rep\u00fablica, depois de o Presidente da Rep\u00fablica ter enviado o documento para o Pal\u00e1cio Ratton, declarando inconstitucionais algumas das normas constantes do documento.<\/p>\n<p>De acordo com a decis\u00e3o, que foi anunciada na tarde desta sexta-feira, a lei apresentada pelo Governo ter\u00e1 de ser refeita, num diploma que pretende regulamentar o\u00a0regime jur\u00eddico de entrada, perman\u00eancia, sa\u00edda e afastamento de estrangeiros do territ\u00f3rio nacional.<\/p>\n<p>Uma <a href=\"https:\/\/www.presidencia.pt\/atualidade\/toda-a-atualidade\/2025\/08\/presidente-da-republica-vetou-alteracoes-a-lei-n-o-23-2007-de-4-de-julho-que-aprova-o-regime-juridico-de-entrada-permanencia-saida-e-afastamento-de-estrangeiros-do-territorio-nacional\/\" target=\"_blank\" rel=\"nofollow noopener\">nota<\/a> deixada no site da Presid\u00eancia indica que o Presidente da Rep\u00fablica vetou as altera\u00e7\u00f5es \u00e0 lei de 2007, lembrando que o Tribunal Constitucional declarou inconstitucionais cinco disposi\u00e7\u00f5es do diploma.<\/p>\n<p>Assim sendo, e de acordo com a nota publicada por Marcelo Rebelo de Sousa, a lei vai ser devolvida \u00e0 Assembleia da Rep\u00fablica.<\/p>\n<p>O presidente do Tribunal Constitucional confirmou que os ju\u00edzes decidiram pela \u201cinconstitucionalidade de diversas normas\u201d, nomeadamente numa que dizia respeito \u00e0 \u201cimposi\u00e7\u00e3o de um prazo de dois anos at\u00e9 \u00e0 apresenta\u00e7\u00e3o de um pedido de reagrupamento familiar\u201d.<\/p>\n<p>Segundo Jos\u00e9 Jo\u00e3o Abrantes, tal norma era \u201cincompat\u00edvel com a prote\u00e7\u00e3o constitucionalmente devida \u00e0 fam\u00edlia\u201d.<\/p>\n<p>\u201cQuanto ao prazo de decis\u00e3o para o reagrupamento familiar, somar um prazo de 18 meses com o prazo de dois anos n\u00e3o \u00e9 compat\u00edvel com os deveres de prote\u00e7\u00e3o da fam\u00edlia constitucionalmente consagrados\u201d, disse o juiz.<\/p>\n<p>O decreto foi aprovado em 16 de julho na Assembleia da Rep\u00fablica, com os votos favor\u00e1veis de PSD, Chega e CDS-PP, absten\u00e7\u00e3o da IL e votos contra de PS, Livre, PCP, BE, PAN e JPP.<\/p>\n<p>O diploma foi criticado por quase todos os partidos, com exce\u00e7\u00e3o de PSD, Chega e CDS-PP, com v\u00e1rios a considerarem-no inconstitucional e a criticarem a forma como o processo legislativo decorreu, sem ouvir associa\u00e7\u00f5es de imigrantes ou constitucionalistas e com a aus\u00eancia de pareces obrigat\u00f3rios.<\/p>\n<p>No requerimento enviado por Marcelo Rebelo de Sousa ao Tribunal Constitucional, o Presidente da Rep\u00fablica pediu a fiscaliza\u00e7\u00e3o preventiva da constitucionalidade das normas sobre direito ao reagrupamento familiar e condi\u00e7\u00f5es para o seu exerc\u00edcio, sobre o prazo para aprecia\u00e7\u00e3o de pedidos pela Ag\u00eancia para a Integra\u00e7\u00e3o Migra\u00e7\u00f5es e Asilo (AIMA) e o direito de recurso.<\/p>\n<p>A CNN Portugal acompanha este caso em perman\u00eancia.<\/p>\n","protected":false},"excerpt":{"rendered":"Presidente do Tribunal Constitucional diz que normas v\u00e3o contra a prote\u00e7\u00e3o que \u00e9 constitucionalmente devida \u00e0 fam\u00edlia O&hellip;\n","protected":false},"author":2,"featured_media":21497,"comment_status":"","ping_status":"","sticky":false,"template":"","format":"standard","meta":{"footnotes":""},"categories":[10],"tags":[609,611,454,27,28,1736,607,608,832,610,15,16,301,14,1481,1865,4578,25,26,570,453,21,22,833,12,13,19,20,452,4532,4499,3596,52,32,23,24,455,4579,33,17,18,298,29,30,31,7783],"class_list":{"0":"post-21496","1":"post","2":"type-post","3":"status-publish","4":"format-standard","5":"has-post-thumbnail","7":"category-portugal","8":"tag-alerta","9":"tag-ao-minuto","10":"tag-bloco-de-esquerda","11":"tag-breaking-news","12":"tag-breakingnews","13":"tag-chega","14":"tag-cnn","15":"tag-cnn-portugal","16":"tag-costa","17":"tag-direto","18":"tag-featured-news","19":"tag-featurednews","20":"tag-governo","21":"tag-headlines","22":"tag-imigracao","23":"tag-imigrantes","24":"tag-iniciativa-liberal","25":"tag-latest-news","26":"tag-latestnews","27":"tag-live","28":"tag-livre","29":"tag-main-news","30":"tag-mainnews","31":"tag-marcelo","32":"tag-news","33":"tag-noticias","34":"tag-noticias-principais","35":"tag-noticiasprincipais","36":"tag-pan","37":"tag-parlamento","38":"tag-partidos","39":"tag-pcp","40":"tag-politica","41":"tag-portugal","42":"tag-principais-noticias","43":"tag-principaisnoticias","44":"tag-ps","45":"tag-psd","46":"tag-pt","47":"tag-top-stories","48":"tag-topstories","49":"tag-tribunal-constitucional","50":"tag-ultimas","51":"tag-ultimas-noticias","52":"tag-ultimasnoticias","53":"tag-ventura"},"share_on_mastodon":{"url":"","error":""},"_links":{"self":[{"href":"https:\/\/www.europesays.com\/pt\/wp-json\/wp\/v2\/posts\/21496","targetHints":{"allow":["GET"]}}],"collection":[{"href":"https:\/\/www.europesays.com\/pt\/wp-json\/wp\/v2\/posts"}],"about":[{"href":"https:\/\/www.europesays.com\/pt\/wp-json\/wp\/v2\/types\/post"}],"author":[{"embeddable":true,"href":"https:\/\/www.europesays.com\/pt\/wp-json\/wp\/v2\/users\/2"}],"replies":[{"embeddable":true,"href":"https:\/\/www.europesays.com\/pt\/wp-json\/wp\/v2\/comments?post=21496"}],"version-history":[{"count":0,"href":"https:\/\/www.europesays.com\/pt\/wp-json\/wp\/v2\/posts\/21496\/revisions"}],"wp:featuredmedia":[{"embeddable":true,"href":"https:\/\/www.europesays.com\/pt\/wp-json\/wp\/v2\/media\/21497"}],"wp:attachment":[{"href":"https:\/\/www.europesays.com\/pt\/wp-json\/wp\/v2\/media?parent=21496"}],"wp:term":[{"taxonomy":"category","embeddable":true,"href":"https:\/\/www.europesays.com\/pt\/wp-json\/wp\/v2\/categories?post=21496"},{"taxonomy":"post_tag","embeddable":true,"href":"https:\/\/www.europesays.com\/pt\/wp-json\/wp\/v2\/tags?post=21496"}],"curies":[{"name":"wp","href":"https:\/\/api.w.org\/{rel}","templated":true}]}}