{"id":214984,"date":"2026-01-04T20:52:09","date_gmt":"2026-01-04T20:52:09","guid":{"rendered":"https:\/\/www.europesays.com\/pt\/214984\/"},"modified":"2026-01-04T20:52:09","modified_gmt":"2026-01-04T20:52:09","slug":"estes-sao-os-anuncios-mais-estranhamente-motivadores-da-apple","status":"publish","type":"post","link":"https:\/\/www.europesays.com\/pt\/214984\/","title":{"rendered":"Estes s\u00e3o os an\u00fancios mais estranhamente motivadores da Apple"},"content":{"rendered":"<p class=\"leading\">\n                A Apple divulgou novos an\u00fancios para a sua linha de smartwatches que, de uma forma muito peculiar, s\u00e3o estranhamente motivadores.            <\/p>\n<p>        <img decoding=\"async\" alt=\"Apple Watch Series 11\" height=\"900\" src=\"https:\/\/www.europesays.com\/pt\/wp-content\/uploads\/2026\/01\/apple-watch-series-11-lifestyle-designer-credito-apple.jpg\" width=\"1600\" fetchpriority=\"high\"\/><br \/>\nCr\u00e9dito@Apple<\/p>\n<p><a href=\"https:\/\/whatsapp.com\/channel\/0029Va54F7B7j6gBNXobAM16\" rel=\"nofollow noopener\" class=\"banner-deals mb20 banner-deals-rotation banner-deals-rotation--whatsapp\" target=\"_blank\"><\/p>\n<p>        Entra no nosso canal Whatsapp<br \/>e recebe as melhores ofertas<\/p>\n<p>        ENTRAR\n    <\/p>\n<p><\/a><br \/>\nQuando a cama ganha vida\u2026<\/p>\n<p>A Apple encontrou uma forma de voltar a promover o <a href=\"https:\/\/4gnews.pt\/apple-watch-series-11-oficial\/\" rel=\"nofollow noopener\" target=\"_blank\">Watch Series 11<\/a> com novos an\u00fancios publicados na plataforma YouTube. Sob o slogan \u201cn\u00e3o ceder\u201d, a empresa de Tim Cook foi bastante original no enredo criado.<\/p>\n<p>Neste primeiro an\u00fancio come\u00e7as por ver uma cama a deslocar-se muito rapidamente; depois surge uma rapariga a olhar para tr\u00e1s e quando confrontada com esta estranha persegui\u00e7\u00e3o, acelera o passo, confirmando no seu Apple Watch que pode aumentar o ritmo para n\u00e3o ser atropelada por uma pe\u00e7a de mobili\u00e1rio de quarto. A m\u00fasica, bastante ritmada, reflete a urg\u00eancia do exerc\u00edcio.<\/p>\n<p>As resolu\u00e7\u00f5es de Ano Novo<\/p>\n<p>Este segundo an\u00fancio faz refer\u00eancias ao novo ano, afirmando inclusive que por volta de 9 de janeiro, a maior parte das pessoas j\u00e1 ter\u00e1 desistido das resolu\u00e7\u00f5es tomadas \u00e0 meia-noite de dia 1 de janeiro. Mas tamb\u00e9m aqui \u00e9 usado o slogan de \u201cn\u00e3o ceder\u201d.<\/p>\n<p>Um homem faz a sua corrida habitual, quando, inesperadamente, um banco de um bar ganha vida e salta para o perseguir. E sim, adivinhaste, o que se segue: ele olha para o Apple Watch e percebe que ainda lhe falta metade do percurso para completar o objetivo.<\/p>\n<p>Ir al\u00e9m do objetivo<\/p>\n<p>Este \u00faltimo an\u00fancio \u00e9 claramente inspirado no primeiro. Aqui temos um sof\u00e1 a deslocar-se rapidamente pela rua quando um homem a correr olha para tr\u00e1s e d\u00e1 conta do seu perseguidor. Depois, esse mesmo homem olha para o Apple Watch e v\u00ea que j\u00e1 completou o ciclo de exerc\u00edcio.<\/p>\n<p>No entanto, e sob a amea\u00e7a do r\u00e1pido sof\u00e1 decide continuar a sess\u00e3o de treino. Um apontamento ainda sobre este v\u00eddeo, aqui podemos ver que o homem tem os AirPods nos ouvidos, nada como aproveitar a ocasi\u00e3o para promover mais produtos.<\/p>\n<p><a href=\"https:\/\/amzn.to\/4pXx23x\" target=\"_blank\" rel=\"nofollow noreferrer noopener\"><img decoding=\"async\" alt=\"Apple Watch Series 11\" height=\"488\" width=\"650\" class=\"lazyload\" src=\"https:\/\/www.europesays.com\/pt\/wp-content\/uploads\/2026\/01\/apple-watch-series-11-credito-amazon.jpg\" loading=\"lazy\"\/><\/a><\/p>\n<p>399,00 \u20acAmazon<\/p>\n<p>479,00 \u20ac-17%<\/p>\n<p class=\"inline-related-title\">Editores 4gnews recomendam:<\/p>\n","protected":false},"excerpt":{"rendered":"A Apple divulgou novos an\u00fancios para a sua linha de smartwatches que, de uma forma muito peculiar, s\u00e3o&hellip;\n","protected":false},"author":2,"featured_media":214985,"comment_status":"","ping_status":"","sticky":false,"template":"","format":"standard","meta":{"footnotes":""},"categories":[84],"tags":[109,107,108,32,33,105,103,104,106,110],"class_list":{"0":"post-214984","1":"post","2":"type-post","3":"status-publish","4":"format-standard","5":"has-post-thumbnail","7":"category-ciencia-e-tecnologia","8":"tag-ciencia","9":"tag-ciencia-e-tecnologia","10":"tag-cienciaetecnologia","11":"tag-portugal","12":"tag-pt","13":"tag-science","14":"tag-science-and-technology","15":"tag-scienceandtechnology","16":"tag-technology","17":"tag-tecnologia"},"share_on_mastodon":{"url":"https:\/\/pubeurope.com\/@pt\/115838814959562617","error":""},"_links":{"self":[{"href":"https:\/\/www.europesays.com\/pt\/wp-json\/wp\/v2\/posts\/214984","targetHints":{"allow":["GET"]}}],"collection":[{"href":"https:\/\/www.europesays.com\/pt\/wp-json\/wp\/v2\/posts"}],"about":[{"href":"https:\/\/www.europesays.com\/pt\/wp-json\/wp\/v2\/types\/post"}],"author":[{"embeddable":true,"href":"https:\/\/www.europesays.com\/pt\/wp-json\/wp\/v2\/users\/2"}],"replies":[{"embeddable":true,"href":"https:\/\/www.europesays.com\/pt\/wp-json\/wp\/v2\/comments?post=214984"}],"version-history":[{"count":0,"href":"https:\/\/www.europesays.com\/pt\/wp-json\/wp\/v2\/posts\/214984\/revisions"}],"wp:featuredmedia":[{"embeddable":true,"href":"https:\/\/www.europesays.com\/pt\/wp-json\/wp\/v2\/media\/214985"}],"wp:attachment":[{"href":"https:\/\/www.europesays.com\/pt\/wp-json\/wp\/v2\/media?parent=214984"}],"wp:term":[{"taxonomy":"category","embeddable":true,"href":"https:\/\/www.europesays.com\/pt\/wp-json\/wp\/v2\/categories?post=214984"},{"taxonomy":"post_tag","embeddable":true,"href":"https:\/\/www.europesays.com\/pt\/wp-json\/wp\/v2\/tags?post=214984"}],"curies":[{"name":"wp","href":"https:\/\/api.w.org\/{rel}","templated":true}]}}