{"id":214986,"date":"2026-01-04T20:55:12","date_gmt":"2026-01-04T20:55:12","guid":{"rendered":"https:\/\/www.europesays.com\/pt\/214986\/"},"modified":"2026-01-04T20:55:12","modified_gmt":"2026-01-04T20:55:12","slug":"mergulho-no-cavado-em-vila-verde-para-dar-as-boas-vindas-a-2026","status":"publish","type":"post","link":"https:\/\/www.europesays.com\/pt\/214986\/","title":{"rendered":"Mergulho no C\u00e1vado em Vila Verde para dar as boas-vindas a 2026"},"content":{"rendered":"<p data-remotead-prev-elm=\"true\" data-remotead-elm-id=\"inread\">\u00c0s 11.15 horas em ponto, Ant\u00f3nio Silva, conhecido como Mouzinho, deu o sinal para que cada um pudesse finalmente entrar na \u00e1gua, cuja temperatura estava a 9,5 graus, enquanto no exterior os term\u00f3metros marcavam 13 graus, para cumprir mais uma edi\u00e7\u00e3o de uma iniciativa que j\u00e1 se tornou tradi\u00e7\u00e3o.<\/p>\n<p>&#8220;Em 2015, eu e mais alguns amigos decidimos dar um mergulho no primeiro domingo do ano. De l\u00e1 para c\u00e1, o evento tem vindo sempre a crescer. Este foi mais um dia espetacular, com 200 pessoas na \u00e1gua e muitas mais a assistir e a aproveitar esta praia, que \u00e9 espetacular&#8221;, disse ao JN Mouzinho, orgulhoso de mais um &#8220;sucesso&#8221; do Mergulho no C\u00e1vado.<\/p>\n<p>Para o organizador, o &#8220;grande objetivo&#8221; foi sempre mostrar a &#8220;enorme beleza&#8221; da praia fluvial do Faial e &#8220;fazer do primeiro domingo do ano um dia de ver\u00e3o&#8221;. &#8220;J\u00e1 h\u00e1 pessoas que marcam as f\u00e9rias para poder c\u00e1 estar para o Mergulho do C\u00e1vado ou ent\u00e3o que v\u00eam de prop\u00f3sito&#8221;, salientou Mouzinho, que \u00e9 presen\u00e7a ass\u00eddua nas \u00e1guas daquele rio, de ver\u00e3o ou inverno.<\/p>\n<p data-remotead-prev-elm=\"true\" data-remotead-elm-id=\"centro1\">\u00c0 imagem do que costuma acontecer nos outros anos, voltaram a juntar-se pessoas de v\u00e1rias gera\u00e7\u00f5es. Boaventura Gomes Vieira, de 76 anos, n\u00e3o faltou. &#8220;J\u00e1 \u00e9 tradi\u00e7\u00e3o, venho todos os anos&#8221;, garantiu o pradense, para quem esta \u00e9 uma forma de &#8220;ficar rijo&#8221; para o novo ano. &#8220;Se fizer peito duro, as gripes t\u00eam medo&#8221;, gracejou.<\/p>\n<p>&#8220;Esp\u00edrito incr\u00edvel&#8221;<\/p>\n<p><img decoding=\"async\" class=\"ngx-body\" guid=\"41cbe547-34e6-4e11-b7bb-b450877afe1b\" src=\"https:\/\/www.europesays.com\/pt\/wp-content\/uploads\/2026\/01\/1767560112_765_image.webp.webp\" width=\"100%\"\/><br \/>Foto: Ricardo Reis Costa<\/p>\n<p>A iniciativa junta muitas pessoas oriundas de concelhos vizinhos, como Braga ou Barcelos, sendo que alguns aproveitam para fazer o percurso a correr antes do mergulho. &#8220;Temos tamb\u00e9m pessoas de outras nacionalidades, que acham curioso e querem vir participar&#8221;, apontou Mouzinho.<\/p>\n<p data-remotead-prev-elm=\"true\" data-remotead-elm-id=\"centro2\">Um desses casos \u00e9 Justin Mills, norte-americano que vive atualmente em Vila Verde e que pela segunda vez foi ao Mergulho no C\u00e1vado, com a mulher e os dois filhos, de quatro e 11 anos. &#8220;Viemos pela primeira vez h\u00e1 dois anos. No ano passado n\u00e3o, porque estava muita chuva e frio. Desta vez n\u00e3o pod\u00edamos faltar. \u00c9 fabuloso, um esp\u00edrito incr\u00edvel&#8221;, garantiu Justin, que no ver\u00e3o est\u00e1 &#8220;todos os dias&#8221; na praia fluvial do Faial. &#8220;O homem do rio [Mouzinho] desafiou-nos para vir neste dia e adoramos&#8221;, assegurou o norte-americano, que mergulhou juntamente com o filho mais velho.<\/p>\n<p>A iniciativa culminou com um conv\u00edvio, com doces e vinho do Porto. E j\u00e1 ficou marcado o encontro para o primeiro domingo de 2027. &#8220;Tudo isto \u00e9 muito informal, basta aparecer no dia e mergulhar. A verdade \u00e9 que se criou um esp\u00edrito muito bom e isso \u00e9 o mais importante&#8221;, concluiu Ant\u00f3nio Silva.<\/p>\n","protected":false},"excerpt":{"rendered":"\u00c0s 11.15 horas em ponto, Ant\u00f3nio Silva, conhecido como Mouzinho, deu o sinal para que cada um pudesse&hellip;\n","protected":false},"author":2,"featured_media":214987,"comment_status":"","ping_status":"","sticky":false,"template":"","format":"standard","meta":{"footnotes":""},"categories":[10],"tags":[7558,27,28,41298,15,16,14,25,26,21,22,41940,12,13,19,20,32,23,24,33,17,18,29,30,31],"class_list":{"0":"post-214986","1":"post","2":"type-post","3":"status-publish","4":"format-standard","5":"has-post-thumbnail","7":"category-portugal","8":"tag-ano-novo","9":"tag-breaking-news","10":"tag-breakingnews","11":"tag-concelho-vila-verde","12":"tag-featured-news","13":"tag-featurednews","14":"tag-headlines","15":"tag-latest-news","16":"tag-latestnews","17":"tag-main-news","18":"tag-mainnews","19":"tag-mergulho-no-cavado","20":"tag-news","21":"tag-noticias","22":"tag-noticias-principais","23":"tag-noticiasprincipais","24":"tag-portugal","25":"tag-principais-noticias","26":"tag-principaisnoticias","27":"tag-pt","28":"tag-top-stories","29":"tag-topstories","30":"tag-ultimas","31":"tag-ultimas-noticias","32":"tag-ultimasnoticias"},"share_on_mastodon":{"url":"https:\/\/pubeurope.com\/@pt\/115838827644653914","error":""},"_links":{"self":[{"href":"https:\/\/www.europesays.com\/pt\/wp-json\/wp\/v2\/posts\/214986","targetHints":{"allow":["GET"]}}],"collection":[{"href":"https:\/\/www.europesays.com\/pt\/wp-json\/wp\/v2\/posts"}],"about":[{"href":"https:\/\/www.europesays.com\/pt\/wp-json\/wp\/v2\/types\/post"}],"author":[{"embeddable":true,"href":"https:\/\/www.europesays.com\/pt\/wp-json\/wp\/v2\/users\/2"}],"replies":[{"embeddable":true,"href":"https:\/\/www.europesays.com\/pt\/wp-json\/wp\/v2\/comments?post=214986"}],"version-history":[{"count":0,"href":"https:\/\/www.europesays.com\/pt\/wp-json\/wp\/v2\/posts\/214986\/revisions"}],"wp:featuredmedia":[{"embeddable":true,"href":"https:\/\/www.europesays.com\/pt\/wp-json\/wp\/v2\/media\/214987"}],"wp:attachment":[{"href":"https:\/\/www.europesays.com\/pt\/wp-json\/wp\/v2\/media?parent=214986"}],"wp:term":[{"taxonomy":"category","embeddable":true,"href":"https:\/\/www.europesays.com\/pt\/wp-json\/wp\/v2\/categories?post=214986"},{"taxonomy":"post_tag","embeddable":true,"href":"https:\/\/www.europesays.com\/pt\/wp-json\/wp\/v2\/tags?post=214986"}],"curies":[{"name":"wp","href":"https:\/\/api.w.org\/{rel}","templated":true}]}}