{"id":21500,"date":"2025-08-08T18:37:09","date_gmt":"2025-08-08T18:37:09","guid":{"rendered":"https:\/\/www.europesays.com\/pt\/21500\/"},"modified":"2025-08-08T18:37:09","modified_gmt":"2025-08-08T18:37:09","slug":"maisa-reencontra-selena-gomes-tao-feliz-celebridades","status":"publish","type":"post","link":"https:\/\/www.europesays.com\/pt\/21500\/","title":{"rendered":"Maisa reencontra Selena Gomes: &#8216;T\u00e3o feliz&#8217; | Celebridades"},"content":{"rendered":"<p>                                        Maisa reencontra Selena Gomes: \u2019T\u00e3o feliz\u2019 &#8211; Reprodu\u00e7\u00e3o \/ Instagram<\/p>\n<p class=\"content-media__description\">Maisa reencontra Selena Gomes: \u2019T\u00e3o feliz\u2019Reprodu\u00e7\u00e3o \/ Instagram<\/p>\n<p>                            Publicado 08\/08\/2025 10:30\n                    <\/p>\n<p>Rio &#8211; Maisa, de 23 anos, utilizou as redes sociais, na madrugada desta sexta-feira (8), para mostrar que reencontrou a\u00a0cantora norte-americana Selena Gomes, de 33, na Calif\u00f3rnia, Estados Unidos.\u00a0A atriz brasileira demonstrou anima\u00e7\u00e3o e compartilhou registros do momento.<\/p>\n<p>As duas posaram abra\u00e7adinhas. Maisa recebeu o convite para o lan\u00e7amento de um produto da marca de Selena.\u00a0&#8220;Estou mais um dia aqui no evento desse lan\u00e7amento t\u00e3o especial de Rare Beauty. Todo mundo aqui \u00e9 absolutamente cheiroso, inclusive a Selena. Eu falei com ela&#8221;, contou a atriz.<\/p>\n<p>Na legenda, a artista destacou a alegria que sentiu. &#8220;So so happy to be here [estou t\u00e3o feliz por estar aqui]&#8221;, expressou Maisa. Para o evento, a brasileira apostou em um vestidinho preto com recortes na cintura.<\/p>\n<p>Nesta quinta-feira (7), a <a href=\"https:\/\/odia.ig.com.br\/diversao\/celebridades\/2025\/08\/7106435-video-maisa-mostra-encontro-com-selena-gomez-eu-te-amo.html\" rel=\"nofollow noopener\" target=\"_blank\">brasileira e a norte-americana tamb\u00e9m se encontraram<\/a>. Maisa compartilhou um v\u00eddeo em que \u00e9 poss\u00edvel ver as duas conversando na maior intimidade.\u00a0A dupla j\u00e1 esteve junta\u00a0em outro lan\u00e7amento da marca\u00a0em 2022.<\/p>\n","protected":false},"excerpt":{"rendered":"Maisa reencontra Selena Gomes: \u2019T\u00e3o feliz\u2019 &#8211; Reprodu\u00e7\u00e3o \/ Instagram Maisa reencontra Selena Gomes: \u2019T\u00e3o feliz\u2019Reprodu\u00e7\u00e3o \/ Instagram&hellip;\n","protected":false},"author":2,"featured_media":21501,"comment_status":"","ping_status":"","sticky":false,"template":"","format":"standard","meta":{"footnotes":""},"categories":[145],"tags":[3539,813,211,210,7455,114,115,3887,32,33,7784],"class_list":{"0":"post-21500","1":"post","2":"type-post","3":"status-publish","4":"format-standard","5":"has-post-thumbnail","7":"category-celebridades","8":"tag-apresentadora","9":"tag-atriz","10":"tag-celebridades","11":"tag-celebrities","12":"tag-encontro","13":"tag-entertainment","14":"tag-entretenimento","15":"tag-maisa","16":"tag-portugal","17":"tag-pt","18":"tag-selena-gomes"},"share_on_mastodon":{"url":"","error":""},"_links":{"self":[{"href":"https:\/\/www.europesays.com\/pt\/wp-json\/wp\/v2\/posts\/21500","targetHints":{"allow":["GET"]}}],"collection":[{"href":"https:\/\/www.europesays.com\/pt\/wp-json\/wp\/v2\/posts"}],"about":[{"href":"https:\/\/www.europesays.com\/pt\/wp-json\/wp\/v2\/types\/post"}],"author":[{"embeddable":true,"href":"https:\/\/www.europesays.com\/pt\/wp-json\/wp\/v2\/users\/2"}],"replies":[{"embeddable":true,"href":"https:\/\/www.europesays.com\/pt\/wp-json\/wp\/v2\/comments?post=21500"}],"version-history":[{"count":0,"href":"https:\/\/www.europesays.com\/pt\/wp-json\/wp\/v2\/posts\/21500\/revisions"}],"wp:featuredmedia":[{"embeddable":true,"href":"https:\/\/www.europesays.com\/pt\/wp-json\/wp\/v2\/media\/21501"}],"wp:attachment":[{"href":"https:\/\/www.europesays.com\/pt\/wp-json\/wp\/v2\/media?parent=21500"}],"wp:term":[{"taxonomy":"category","embeddable":true,"href":"https:\/\/www.europesays.com\/pt\/wp-json\/wp\/v2\/categories?post=21500"},{"taxonomy":"post_tag","embeddable":true,"href":"https:\/\/www.europesays.com\/pt\/wp-json\/wp\/v2\/tags?post=21500"}],"curies":[{"name":"wp","href":"https:\/\/api.w.org\/{rel}","templated":true}]}}