{"id":215000,"date":"2026-01-04T21:08:08","date_gmt":"2026-01-04T21:08:08","guid":{"rendered":"https:\/\/www.europesays.com\/pt\/215000\/"},"modified":"2026-01-04T21:08:08","modified_gmt":"2026-01-04T21:08:08","slug":"ministro-da-defesa-venezuelano-garante-que-eua-mataram-segurancas-de-maduro","status":"publish","type":"post","link":"https:\/\/www.europesays.com\/pt\/215000\/","title":{"rendered":"Ministro da Defesa venezuelano garante que EUA mataram seguran\u00e7as de Maduro"},"content":{"rendered":"<p style=\"text-align: left;\">O ministro da Defesa venezuelano, Vladimir Padrino, garantiu que as tropas norte-americanas mataram grande parte da equipa de seguran\u00e7a de Nicol\u00e1s Maduro &#8220;a sangue frio&#8221;, na <a href=\"https:\/\/expresso.pt\/internacional\/america-latina\/2026-01-04-venezuela-o-plano-secreto-e-a-operacao-de-duas-horas-e-meia-que-levou-a-captura-e-detencao-de-nicolas-maduro-98f1c7a8\" target=\"_blank\" rel=\"noopener noreferrer nofollow\">opera\u00e7\u00e3o que resultou na captura de Maduro<\/a> e da sua esposa, Cilia Flores.<\/p>\n<p style=\"text-align: left;\">Em declara\u00e7\u00e3o \u00e0s televis\u00f5es, neste domingo, o\u00a0general acrescentou que as For\u00e7as Armadas foram ativadas em todo o pa\u00eds para garantir a soberania e que\u00a0vice-presidente Delcy Rodr\u00edguez ser\u00e1 Presidente interina.<\/p>\n<p style=\"text-align: left;\">Classificou este epis\u00f3dio de \u201csequestro cobarde\u201d e apelou ao povo venezuelano para n\u00e3o ceder ao medo e retomar as atividades econ\u00f3micas, refor\u00e7ando a necessidade de \u201cmanter a paz e a ordem\u201d perante o que chamou de agress\u00e3o imperial.<\/p>\n<p>A rea\u00e7\u00e3o venezuelana inclui a aceita\u00e7\u00e3o da vice-presidente Delcy Rodr\u00edguez como Presidente interina, decis\u00e3o que foi ratificada pelo Supremo Tribunal, com o objetivo de \u201cgarantir a continuidade administrativa e a defesa integral da na\u00e7\u00e3o\u201d.<\/p>\n<p style=\"text-align: start;\">&#8220;Mar\u00eda Corina Machado \u00e9 fant\u00e1stica e \u00e9 algu\u00e9m que conhe\u00e7o h\u00e1 muito tempo, tal como todo o movimento (da oposi\u00e7\u00e3o), mas estamos a lidar com a realidade imediata\u201d, disse Rubio, no programa &#8220;Meet the Press&#8221;, do canal NBC.~<\/p>\n<p style=\"text-align: start;\">Donald\u00a0Trump foi ainda mais agressivo a falar sobre Delcy Rodr\u00edguez. Em entrevista telef\u00f3nica \u00e0 revista\u00a0&#8220;<a href=\"https:\/\/www.theatlantic.com\/national-security\/2026\/01\/trump-venezuela-maduro-delcy-rodriguez\/685497\/\" target=\"_blank\" rel=\"nofollow noopener\">The Atlantic<\/a>&#8220;, este domingo, diz\u00a0que se a at\u00e9 ontem vice-presidente venezuelana\u00a0&#8220;n\u00e3o fizer o que est\u00e1 certo&#8221;\u00a0vai &#8220;pagar um pre\u00e7o muito alto, provavelmente maior do que Maduro&#8221;.<\/p>\n<p style=\"text-align: start;\">Ontem, j\u00e1 o chefe de Estado tinha dito,\u00a0<a href=\"https:\/\/expresso.pt\/internacional\/america-latina\/2026-01-03-trump-assume-que-os-eua-vao-governar-a-venezuela-e-que-estao-preparados-para-uma-segunda-vaga-de-ataques-enquanto-rubio-ja-olha-para-cuba-9762c879\" target=\"_blank\" rel=\"noopener noreferrer nofollow\">em confer\u00eancia de imprensa<\/a>, que Corina Machado n\u00e3o teria apoio suficiente para assumir as r\u00e9deas do pa\u00eds. Rubio recordou hoje que no \u00faltimo boletim de voto para eleger o Presidente estava o nome de\u00a0Edmundo Gonz\u00e1lez.<\/p>\n<p style=\"text-align: start;\">Sobre Delcy Rodriguez, manteve tudo em aberto:\u00a0\u201cVamos julgar as pessoas pelo que fizerem, n\u00e3o pelo que disserem. Se n\u00e3o tomarem as decis\u00f5es correctas, os Estados Unidos manter\u00e3o m\u00faltiplos mecanismos de press\u00e3o, incluindo o embargo petrol\u00edfero. Vamos observar o que fazem\u201d.<\/p>\n","protected":false},"excerpt":{"rendered":"O ministro da Defesa venezuelano, Vladimir Padrino, garantiu que as tropas norte-americanas mataram grande parte da equipa de&hellip;\n","protected":false},"author":2,"featured_media":215001,"comment_status":"","ping_status":"","sticky":false,"template":"","format":"standard","meta":{"footnotes":""},"categories":[50],"tags":[27,28,15,16,14,25,26,21,22,62,12,13,19,20,23,24,17,18,29,30,31,63,64,65],"class_list":{"0":"post-215000","1":"post","2":"type-post","3":"status-publish","4":"format-standard","5":"has-post-thumbnail","7":"category-mundo","8":"tag-breaking-news","9":"tag-breakingnews","10":"tag-featured-news","11":"tag-featurednews","12":"tag-headlines","13":"tag-latest-news","14":"tag-latestnews","15":"tag-main-news","16":"tag-mainnews","17":"tag-mundo","18":"tag-news","19":"tag-noticias","20":"tag-noticias-principais","21":"tag-noticiasprincipais","22":"tag-principais-noticias","23":"tag-principaisnoticias","24":"tag-top-stories","25":"tag-topstories","26":"tag-ultimas","27":"tag-ultimas-noticias","28":"tag-ultimasnoticias","29":"tag-world","30":"tag-world-news","31":"tag-worldnews"},"share_on_mastodon":{"url":"https:\/\/pubeurope.com\/@pt\/115838878046202488","error":""},"_links":{"self":[{"href":"https:\/\/www.europesays.com\/pt\/wp-json\/wp\/v2\/posts\/215000","targetHints":{"allow":["GET"]}}],"collection":[{"href":"https:\/\/www.europesays.com\/pt\/wp-json\/wp\/v2\/posts"}],"about":[{"href":"https:\/\/www.europesays.com\/pt\/wp-json\/wp\/v2\/types\/post"}],"author":[{"embeddable":true,"href":"https:\/\/www.europesays.com\/pt\/wp-json\/wp\/v2\/users\/2"}],"replies":[{"embeddable":true,"href":"https:\/\/www.europesays.com\/pt\/wp-json\/wp\/v2\/comments?post=215000"}],"version-history":[{"count":0,"href":"https:\/\/www.europesays.com\/pt\/wp-json\/wp\/v2\/posts\/215000\/revisions"}],"wp:featuredmedia":[{"embeddable":true,"href":"https:\/\/www.europesays.com\/pt\/wp-json\/wp\/v2\/media\/215001"}],"wp:attachment":[{"href":"https:\/\/www.europesays.com\/pt\/wp-json\/wp\/v2\/media?parent=215000"}],"wp:term":[{"taxonomy":"category","embeddable":true,"href":"https:\/\/www.europesays.com\/pt\/wp-json\/wp\/v2\/categories?post=215000"},{"taxonomy":"post_tag","embeddable":true,"href":"https:\/\/www.europesays.com\/pt\/wp-json\/wp\/v2\/tags?post=215000"}],"curies":[{"name":"wp","href":"https:\/\/api.w.org\/{rel}","templated":true}]}}