{"id":215020,"date":"2026-01-04T21:22:14","date_gmt":"2026-01-04T21:22:14","guid":{"rendered":"https:\/\/www.europesays.com\/pt\/215020\/"},"modified":"2026-01-04T21:22:14","modified_gmt":"2026-01-04T21:22:14","slug":"reino-unido-e-franca-lancam-ataques-aereos-contra-o-daesh-na-siria","status":"publish","type":"post","link":"https:\/\/www.europesays.com\/pt\/215020\/","title":{"rendered":"Reino Unido e Fran\u00e7a lan\u00e7am ataques a\u00e9reos contra o Daesh na S\u00edria"},"content":{"rendered":"<p class=\"category\"><a href=\"https:\/\/sicnoticias.pt\/especiais\/ei\" rel=\"nofollow noopener\" target=\"_blank\">Daesh<\/a><\/p>\n<p>Ca\u00e7as Typhoon FGR4 da RAF, apoiados por um avi\u00e3o-cisterna, juntaram-se a aeronaves francesas num ataque conjunto, usando bombas guiadas para atingir v\u00e1rios t\u00faneis de acesso \u00e0 instala\u00e7\u00e3o.<\/p>\n<p><img decoding=\"async\" src=\"https:\/\/www.europesays.com\/pt\/wp-content\/uploads\/2026\/01\/1767561734_394_original.webp\" alt=\"(Arquivo)\"\/><\/p>\n<p>(Arquivo)<\/p>\n<p>Getty Images<\/p>\n<p><strong>O Governo do Reino Unido anunciou este s\u00e1bado o lan\u00e7amento de ataques a\u00e9reos, em conjunto com a Fran\u00e7a, que tiveram como alvo os fundamentalistas do Daesh na S\u00edria.<\/strong><\/p>\n<p>Num comunicado, o Minist\u00e9rio da Defesa brit\u00e2nico disse que, no s\u00e1bado \u00e0 noite, avi\u00f5es militares dos dois pa\u00edses bombardearam uma instala\u00e7\u00e3o subterr\u00e2nea no centro da S\u00edria que tinha sido ocupada pelo autoproclamado Estado Isl\u00e2mico.<\/p>\n<blockquote><p>&#8220;Os ind\u00edcios iniciais s\u00e3o de que o alvo foi atingido com sucesso. N\u00e3o h\u00e1 indica\u00e7\u00e3o de que o ataque tenha representado qualquer risco para os civis, e todas as nossas aeronaves regressaram em seguran\u00e7a&#8221;, acrescentou o minist\u00e9rio.<\/p><\/blockquote>\n<p>O comunicado sublinhou que as aeronaves da For\u00e7a A\u00e9rea Real (RAF, na sigla em ingl\u00eas) brit\u00e2nica continuaram a realizar patrulhas sobre a S\u00edria para &#8220;ajudar a prevenir qualquer tentativa de ressurgimento do movimento terrorista&#8221;.<\/p>\n<blockquote><p>&#8220;Uma an\u00e1lise cuidadosa dos servi\u00e7os de informa\u00e7\u00e3o&#8221; identificou uma instala\u00e7\u00e3o subterr\u00e2nea nas montanhas, a norte do s\u00edtio arqueol\u00f3gico de Palmira, usada pelo Daesh &#8220;provavelmente para armazenar armas e explosivos&#8221;, referiu a nota.<\/p><\/blockquote>\n<p>Ca\u00e7as Typhoon FGR4 da RAF, apoiados por um avi\u00e3o-cisterna, juntaram-se a aeronaves francesas num ataque conjunto, usando bombas guiadas para atingir v\u00e1rios t\u00faneis de acesso \u00e0 instala\u00e7\u00e3o, disse o minist\u00e9rio.<\/p>\n<p>Um ca\u00e7a Typhoon FGR4 da RAF<\/p>\n<p>Joe Giddens &#8211; PA Images<\/p>\n<blockquote><p>&#8220;Esta a\u00e7\u00e3o demonstra a lideran\u00e7a do Reino Unido e a nossa determina\u00e7\u00e3o em apoiar os nossos aliados para erradicar qualquer ressurgimento do Daesh e das suas ideologias perigosas e violentas&#8221;, disse o Secret\u00e1rio da Defesa brit\u00e2nico.<\/p><\/blockquote>\n<blockquote><p>&#8220;Esta opera\u00e7\u00e3o, para eliminar terroristas perigosos que amea\u00e7am o nosso modo de vida, demonstra como as nossas For\u00e7as Armadas est\u00e3o prontas para agir, durante todo o ano, mantendo a Gr\u00e3-Bretanha segura&#8221;, acrescentou John Healey.<\/p><\/blockquote>\n<p>O comunicado n\u00e3o faz qualquer men\u00e7\u00e3o \u00e0s autoridades de transi\u00e7\u00e3o da S\u00edria, n\u00e3o sendo at\u00e9 ao momento claro se o Governo de Damasco foi informado da opera\u00e7\u00e3o.<\/p>\n<p>As autoridades da S\u00edria alegaram na quinta-feira ter frustrado opera\u00e7\u00f5es suicidas e ataques do Daesh durante as celebra\u00e7\u00f5es do Ano Novo em v\u00e1rias prov\u00edncias, mas sobretudo na cidade de Alepo, visando igrejas e outros locais de encontros de civis.<\/p>\n<p>O Governo s\u00edrio disse ainda que o atacante suicida que matou um pol\u00edcia na quarta-feira em Alepo, no norte do pa\u00eds, pertencia \u00e0 organiza\u00e7\u00e3o fundamentalista isl\u00e2mica.<\/p>\n<p>O Daesh intensificou recentemente os ataques em zonas da S\u00edria controladas pelas autoridades de Damasco, que emergiram da coliga\u00e7\u00e3o de grupos rebeldes que derrubou o regime do ex-Presidente Bashar al-Assad, em dezembro de 2024.<\/p>\n<p>As autoridades s\u00edrias realizaram no m\u00eas passado v\u00e1rias opera\u00e7\u00f5es contra o grupo e reclamaram, em 25 de dezembro, a morte de um importante l\u00edder terrorista na regi\u00e3o de Damasco.<\/p>\n<p>Em novembro, a S\u00edria aderiu oficialmente \u00e0 coliga\u00e7\u00e3o contra o EI, liderada pelos Estados Unidos, durante uma visita do Presidente de transi\u00e7\u00e3o, Ahmed al-Sharaa, a Washington.<\/p>\n","protected":false},"excerpt":{"rendered":"Daesh Ca\u00e7as Typhoon FGR4 da RAF, apoiados por um avi\u00e3o-cisterna, juntaram-se a aeronaves francesas num ataque conjunto, usando&hellip;\n","protected":false},"author":2,"featured_media":215021,"comment_status":"","ping_status":"","sticky":false,"template":"","format":"standard","meta":{"footnotes":""},"categories":[50],"tags":[27,28,15,16,14,25,26,21,22,62,12,13,19,20,23,24,17,18,29,30,31,63,64,65],"class_list":{"0":"post-215020","1":"post","2":"type-post","3":"status-publish","4":"format-standard","5":"has-post-thumbnail","7":"category-mundo","8":"tag-breaking-news","9":"tag-breakingnews","10":"tag-featured-news","11":"tag-featurednews","12":"tag-headlines","13":"tag-latest-news","14":"tag-latestnews","15":"tag-main-news","16":"tag-mainnews","17":"tag-mundo","18":"tag-news","19":"tag-noticias","20":"tag-noticias-principais","21":"tag-noticiasprincipais","22":"tag-principais-noticias","23":"tag-principaisnoticias","24":"tag-top-stories","25":"tag-topstories","26":"tag-ultimas","27":"tag-ultimas-noticias","28":"tag-ultimasnoticias","29":"tag-world","30":"tag-world-news","31":"tag-worldnews"},"share_on_mastodon":{"url":"https:\/\/pubeurope.com\/@pt\/115838932965957047","error":""},"_links":{"self":[{"href":"https:\/\/www.europesays.com\/pt\/wp-json\/wp\/v2\/posts\/215020","targetHints":{"allow":["GET"]}}],"collection":[{"href":"https:\/\/www.europesays.com\/pt\/wp-json\/wp\/v2\/posts"}],"about":[{"href":"https:\/\/www.europesays.com\/pt\/wp-json\/wp\/v2\/types\/post"}],"author":[{"embeddable":true,"href":"https:\/\/www.europesays.com\/pt\/wp-json\/wp\/v2\/users\/2"}],"replies":[{"embeddable":true,"href":"https:\/\/www.europesays.com\/pt\/wp-json\/wp\/v2\/comments?post=215020"}],"version-history":[{"count":0,"href":"https:\/\/www.europesays.com\/pt\/wp-json\/wp\/v2\/posts\/215020\/revisions"}],"wp:featuredmedia":[{"embeddable":true,"href":"https:\/\/www.europesays.com\/pt\/wp-json\/wp\/v2\/media\/215021"}],"wp:attachment":[{"href":"https:\/\/www.europesays.com\/pt\/wp-json\/wp\/v2\/media?parent=215020"}],"wp:term":[{"taxonomy":"category","embeddable":true,"href":"https:\/\/www.europesays.com\/pt\/wp-json\/wp\/v2\/categories?post=215020"},{"taxonomy":"post_tag","embeddable":true,"href":"https:\/\/www.europesays.com\/pt\/wp-json\/wp\/v2\/tags?post=215020"}],"curies":[{"name":"wp","href":"https:\/\/api.w.org\/{rel}","templated":true}]}}