{"id":215033,"date":"2026-01-04T21:31:08","date_gmt":"2026-01-04T21:31:08","guid":{"rendered":"https:\/\/www.europesays.com\/pt\/215033\/"},"modified":"2026-01-04T21:31:08","modified_gmt":"2026-01-04T21:31:08","slug":"fc-porto-vence-santa-clara-nos-acores-e-reforca-lideranca-da-i-liga","status":"publish","type":"post","link":"https:\/\/www.europesays.com\/pt\/215033\/","title":{"rendered":"FC Porto vence Santa Clara nos A\u00e7ores e refor\u00e7a lideran\u00e7a da I Liga"},"content":{"rendered":"<p>Um erro grave do guarda-redes brasileiro Gabriel Batista valeu este domingo a vit\u00f3ria 1-0 do FC Porto em casa do Santa Clara, permitindo aos drag\u00f5es fechar a primeira volta ainda mais destacados na lideran\u00e7a da I Liga.<\/p>\n<p>O \u00fanico golo do encontro surgiu aos 50 minutos, quando o avan\u00e7ado espanhol Samu intercetou uma bola vinda de Gabriel Batista e rematou para as redes desertas, assegurando mais tr\u00eas pontos aos azuis e brancos, que fecham a primeira volta com 16 triunfos e apenas um empate cedido, perante um Santa Clara que somou a terceira partida seguida sem vencer.<\/p>\n<p>O FC Porto terminou a primeira volta destacado na lideran\u00e7a, com 49 pontos, tendo tirado partido nesta ronda do empate registado pelo Sporting, segundo classificado, em casa do Gil Vicente para elevar para sete pontos a sua vantagem, enquanto os a\u00e7orianos ocupam o 14.\u00ba lugar, com 16 pontos, apenas mais dois do que o Arouca, 16.\u00ba e situado em zona de play-off de manuten\u00e7\u00e3o. <\/p>\n","protected":false},"excerpt":{"rendered":"Um erro grave do guarda-redes brasileiro Gabriel Batista valeu este domingo a vit\u00f3ria 1-0 do FC Porto em&hellip;\n","protected":false},"author":2,"featured_media":215034,"comment_status":"","ping_status":"","sticky":false,"template":"","format":"standard","meta":{"footnotes":""},"categories":[87],"tags":[135,32,33,134],"class_list":{"0":"post-215033","1":"post","2":"type-post","3":"status-publish","4":"format-standard","5":"has-post-thumbnail","7":"category-desporto","8":"tag-desporto","9":"tag-portugal","10":"tag-pt","11":"tag-sports"},"share_on_mastodon":{"url":"https:\/\/pubeurope.com\/@pt\/115838968325630411","error":""},"_links":{"self":[{"href":"https:\/\/www.europesays.com\/pt\/wp-json\/wp\/v2\/posts\/215033","targetHints":{"allow":["GET"]}}],"collection":[{"href":"https:\/\/www.europesays.com\/pt\/wp-json\/wp\/v2\/posts"}],"about":[{"href":"https:\/\/www.europesays.com\/pt\/wp-json\/wp\/v2\/types\/post"}],"author":[{"embeddable":true,"href":"https:\/\/www.europesays.com\/pt\/wp-json\/wp\/v2\/users\/2"}],"replies":[{"embeddable":true,"href":"https:\/\/www.europesays.com\/pt\/wp-json\/wp\/v2\/comments?post=215033"}],"version-history":[{"count":0,"href":"https:\/\/www.europesays.com\/pt\/wp-json\/wp\/v2\/posts\/215033\/revisions"}],"wp:featuredmedia":[{"embeddable":true,"href":"https:\/\/www.europesays.com\/pt\/wp-json\/wp\/v2\/media\/215034"}],"wp:attachment":[{"href":"https:\/\/www.europesays.com\/pt\/wp-json\/wp\/v2\/media?parent=215033"}],"wp:term":[{"taxonomy":"category","embeddable":true,"href":"https:\/\/www.europesays.com\/pt\/wp-json\/wp\/v2\/categories?post=215033"},{"taxonomy":"post_tag","embeddable":true,"href":"https:\/\/www.europesays.com\/pt\/wp-json\/wp\/v2\/tags?post=215033"}],"curies":[{"name":"wp","href":"https:\/\/api.w.org\/{rel}","templated":true}]}}