{"id":215039,"date":"2026-01-04T21:38:11","date_gmt":"2026-01-04T21:38:11","guid":{"rendered":"https:\/\/www.europesays.com\/pt\/215039\/"},"modified":"2026-01-04T21:38:11","modified_gmt":"2026-01-04T21:38:11","slug":"conheca-o-plano-do-clube-turco","status":"publish","type":"post","link":"https:\/\/www.europesays.com\/pt\/215039\/","title":{"rendered":"conhe\u00e7a o plano do clube turco"},"content":{"rendered":"<p>Agradado com o interesse da Roma, Andreas Schjelderup est\u00e1 igualmente na mira do Besiktas. O clube turco, sabe <b>Record<\/b>, est\u00e1 disposto a tudo para garantir os servi\u00e7os do extremo noruegu\u00eas e pretende um empr\u00e9stimo com op\u00e7\u00e3o de compra, que passa a obrigat\u00f3ria mediante o cumprimento de determinados objetivos. A SAD encarnada poder\u00e1 receber 18 M?, em caso de acordo.<\/p>\n<p>O Besiktas pretende tratar este dossi\u00ea de forma independente dos casos de Rafa e Jur\u00e1sek. O avan\u00e7ado, que est\u00e1 na mira do Benfica, integra o est\u00e1gio das \u00e1guias negras, tendo contrato at\u00e9 2027. Quanto ao lateral-esquerdo, j\u00e1 fez saber que quer antecipar o final do empr\u00e9stimo, prescindindo dos servi\u00e7o do jogador em janeiro.<\/p>\n<p>Pouco utilizado por Mourinho &#8211; voltou a n\u00e3o sair do banco diante do Estoril -, o internacional noruegu\u00eas, de 21 anos,\u00a0 pretende rumar a outras paragens, em ano de Mundial. O Benfica tamb\u00e9m o pretende transferir, dando prefer\u00eancia a uma venda, ainda que n\u00e3o descarte o empr\u00e9stimo.<\/p>\n<p>Em It\u00e1lia, a Roma j\u00e1 se posicionou para o receber, por empr\u00e9stimo. O jogador, que tem uma cl\u00e1usula de rescis\u00e3o de 100 milh\u00f5es de euros, d\u00e1 prefer\u00eancia ao emblema italiano.<\/p>\n","protected":false},"excerpt":{"rendered":"Agradado com o interesse da Roma, Andreas Schjelderup est\u00e1 igualmente na mira do Besiktas. O clube turco, sabe&hellip;\n","protected":false},"author":2,"featured_media":215040,"comment_status":"","ping_status":"","sticky":false,"template":"","format":"standard","meta":{"footnotes":""},"categories":[8],"tags":[27,28,15,16,14,25,26,21,22,12,13,19,20,32,23,24,33,17,18,29,30,31],"class_list":{"0":"post-215039","1":"post","2":"type-post","3":"status-publish","4":"format-standard","5":"has-post-thumbnail","7":"category-principais-noticias","8":"tag-breaking-news","9":"tag-breakingnews","10":"tag-featured-news","11":"tag-featurednews","12":"tag-headlines","13":"tag-latest-news","14":"tag-latestnews","15":"tag-main-news","16":"tag-mainnews","17":"tag-news","18":"tag-noticias","19":"tag-noticias-principais","20":"tag-noticiasprincipais","21":"tag-portugal","22":"tag-principais-noticias","23":"tag-principaisnoticias","24":"tag-pt","25":"tag-top-stories","26":"tag-topstories","27":"tag-ultimas","28":"tag-ultimas-noticias","29":"tag-ultimasnoticias"},"share_on_mastodon":{"url":"https:\/\/pubeurope.com\/@pt\/115838996515838477","error":""},"_links":{"self":[{"href":"https:\/\/www.europesays.com\/pt\/wp-json\/wp\/v2\/posts\/215039","targetHints":{"allow":["GET"]}}],"collection":[{"href":"https:\/\/www.europesays.com\/pt\/wp-json\/wp\/v2\/posts"}],"about":[{"href":"https:\/\/www.europesays.com\/pt\/wp-json\/wp\/v2\/types\/post"}],"author":[{"embeddable":true,"href":"https:\/\/www.europesays.com\/pt\/wp-json\/wp\/v2\/users\/2"}],"replies":[{"embeddable":true,"href":"https:\/\/www.europesays.com\/pt\/wp-json\/wp\/v2\/comments?post=215039"}],"version-history":[{"count":0,"href":"https:\/\/www.europesays.com\/pt\/wp-json\/wp\/v2\/posts\/215039\/revisions"}],"wp:featuredmedia":[{"embeddable":true,"href":"https:\/\/www.europesays.com\/pt\/wp-json\/wp\/v2\/media\/215040"}],"wp:attachment":[{"href":"https:\/\/www.europesays.com\/pt\/wp-json\/wp\/v2\/media?parent=215039"}],"wp:term":[{"taxonomy":"category","embeddable":true,"href":"https:\/\/www.europesays.com\/pt\/wp-json\/wp\/v2\/categories?post=215039"},{"taxonomy":"post_tag","embeddable":true,"href":"https:\/\/www.europesays.com\/pt\/wp-json\/wp\/v2\/tags?post=215039"}],"curies":[{"name":"wp","href":"https:\/\/api.w.org\/{rel}","templated":true}]}}