{"id":215041,"date":"2026-01-04T21:39:09","date_gmt":"2026-01-04T21:39:09","guid":{"rendered":"https:\/\/www.europesays.com\/pt\/215041\/"},"modified":"2026-01-04T21:39:09","modified_gmt":"2026-01-04T21:39:09","slug":"marido-de-isabel-veloso-chora-ao-falar-do-estado-de-saude-da-influenciadora-guerreira-r7-entretenimento","status":"publish","type":"post","link":"https:\/\/www.europesays.com\/pt\/215041\/","title":{"rendered":"Marido de Isabel Veloso chora ao falar do estado de sa\u00fade da influenciadora: \u2018Guerreira\u2019 \u2013 R7 Entretenimento"},"content":{"rendered":"<p>LEIA AQUI O RESUMO DA NOT\u00cdCIA<\/p>\n<ul class=\"b-article-body-custom-embed-brief-news__list\" style=\"margin: 0; padding-left: 20px; list-style-type: disc;\">\n<li>Lucas Borbas, marido da influenciadora Isabel Veloso, se emociona ao falar sobre o estado de sa\u00fade dela nas redes sociais.<\/li>\n<li>Isabel, de 19 anos, est\u00e1 internada desde novembro de 2025 e foi diagnosticada com linfoma de Hodgkin em 2021.<\/li>\n<li>Ap\u00f3s tratamento paliativo, em maio de 2025, Isabel apresentou remiss\u00e3o, mas desenvolveu pneumonia grave durante a interna\u00e7\u00e3o.<\/li>\n<li>Lucas expressou esperan\u00e7a de que a situa\u00e7\u00e3o ir\u00e1 melhorar e descreveu Isabel como &#8220;a pessoa mais guerreira&#8221; que conhece.<\/li>\n<\/ul>\n<p style=\"font-size: 0.8em; font-style: italic; text-align: right; margin-top: 15px; padding-bottom: 5px; margin-bottom: 0;\">Produzido pela Ri7a &#8211; a Intelig\u00eancia Artificial do R7<\/p>\n<p><img decoding=\"async\" data-chromatic=\"ignore\" alt=\"\" class=\"c-image\" loading=\"lazy\" src=\"https:\/\/www.europesays.com\/pt\/wp-content\/uploads\/2026\/01\/O32434LMVRFW7AZGRKUWLLIACI.png\"  width=\"1920\" height=\"1080\"\/>Lucas Borbas publicou v\u00eddeo falando sobre os desafios do momento e a falta que Isabel faz em seu dia-a-dia Reprodu\u00e7\u00e3o\/Instagram @lucasborbass &#8211; 08.11.2025 <\/p>\n<p class=\"jarvics:base-text-neutral-high-400 base-text-[calc(theme(fontSize.xs)_*_var(--font-size,_1))] base-font-normal base-font-primary base-text-neutral-low-500 base-text-left\"><a href=\"https:\/\/entretenimento.r7.com\/famosos-e-tv\/marido-de-isabel-veloso-rebate-criticas-sobre-festa-dada-ao-filho-do-casal-29122025\/\" target=\"_self\" rel=\"nofollow noopener\" title=\"https:\/\/entretenimento.r7.com\/famosos-e-tv\/marido-de-isabel-veloso-rebate-criticas-sobre-festa-dada-ao-filho-do-casal-29122025\/\">Lucas Borbas<\/a>, marido de <a href=\"https:\/\/www.r7.com\/tudo-sobre\/isabel-veloso\/\" target=\"_self\" rel=\"nofollow noopener\" title=\"https:\/\/www.r7.com\/tudo-sobre\/isabel-veloso\/\">Isabel Veloso<\/a>, voltou a falar sobre o <b>estado de sa\u00fade da influenciadora<\/b> nas redes sociais neste s\u00e1bado (3). Lucas se emocionou ao compartilhar os desafios do momento e a falta que mulher faz em seu dia-a-dia.<\/p>\n<p class=\"jarvics:base-text-neutral-high-400 base-text-[calc(theme(fontSize.xs)_*_var(--font-size,_1))] base-font-normal base-font-primary base-text-neutral-low-500 base-text-left\">\u201cPor mais que as coisas sejam dif\u00edceis, elas v\u00e3o ficar bem\u201d, disse ele em stories publicados no Instagram. \u201cMas eu confesso, tamb\u00e9m, que n\u00e3o est\u00e1 sendo f\u00e1cil\u201d, completou.<\/p>\n<p class=\"jarvics:base-text-neutral-high-400 base-text-[calc(theme(fontSize.xs)_*_var(--font-size,_1))] base-font-normal base-font-primary base-text-neutral-low-500 base-text-left\">Lucas tamb\u00e9m falou sobre sua f\u00e9. \u201cTalvez n\u00e3o tenhamos que perguntar o porqu\u00ea de tudo isso, mas o para qu\u00ea. N\u00f3s sempre esperamos que tudo isso v\u00e1 mudar, e vai mudar\u201d, afirmou ele, dizendo que Isabel \u00e9 \u201ca pessoa mais guerreira\u201d que conhece.<\/p>\n<p class=\"jarvics:base-text-neutral-high-400 base-text-[calc(theme(fontSize.xs)_*_var(--font-size,_1))] base-font-normal base-font-primary base-text-neutral-low-500 base-text-left\">Isabel est\u00e1 internada desde novembro e <a href=\"https:\/\/entretenimento.r7.com\/famosos-e-tv\/isabel-veloso-acorda-e-e-extubada-apos-semanas-sedada-na-uti-esta-consciente-e-emotiva-26122025\/\" target=\"_self\" rel=\"nofollow noopener\" title=\"https:\/\/entretenimento.r7.com\/famosos-e-tv\/isabel-veloso-acorda-e-e-extubada-apos-semanas-sedada-na-uti-esta-consciente-e-emotiva-26122025\/\">foi extubada em dezembro<\/a>. \u00c0 \u00e9poca da interna\u00e7\u00e3o, os exames da influenciadora apontaram um <a href=\"https:\/\/noticias.r7.com\/entrevista\/isabel-veloso-magnesio-em-excesso-pode-ser-grave-em-doentes-renais-explica-medico-19122025\/\" target=\"_self\" rel=\"nofollow noopener\" title=\"https:\/\/noticias.r7.com\/entrevista\/isabel-veloso-magnesio-em-excesso-pode-ser-grave-em-doentes-renais-explica-medico-19122025\/\">excesso de magn\u00e9sio no sangue<\/a>. Poucos dias depois, ela foi diagnosticada com um quadro grave de pneumonia.<\/p>\n<p class=\"jarvics:base-text-neutral-high-400 base-text-[calc(theme(fontSize.xs)_*_var(--font-size,_1))] base-font-normal base-font-primary base-text-neutral-low-500 base-text-left\">A jovem de 19 anos foi diagnosticada em 2021 com um <a href=\"https:\/\/noticias.r7.com\/cidades\/folha-vitoria\/linfoma-de-hodgkin-cancer-que-acomete-jovens-em-idade-reprodutiva-09042019\/\" target=\"_self\" rel=\"nofollow noopener\" title=\"https:\/\/noticias.r7.com\/cidades\/folha-vitoria\/linfoma-de-hodgkin-cancer-que-acomete-jovens-em-idade-reprodutiva-09042019\/\">linfoma de Hodgkin<\/a>, c\u00e2ncer agressivo que se origina no sistema linf\u00e1tico, e passou por tratamento paliativo por anos. Em maio de 2025, ela revelou que a doen\u00e7a estava em remiss\u00e3o, contrariando o progn\u00f3stico de muitos m\u00e9dicos e, em outubro, passou por um <b>transplante de medula<\/b>.<\/p>\n<p><video controls=\"\" class=\"video-js\" preload=\"metadata\" poster=\"https:\/\/d22yf0mxeu0gma.cloudfront.net\/09-05-2024\/t_0f73fa907e0e4eeaa9b28c750a05289d_name_THUMBS_EXTRAS_DOMINGO_ESPETACULAR__2_.jpg\" title=\"Isabel Veloso poderia engravidar mesmo com c\u00e2ncer? Oncologista explica | O Hospital Responde\" data-sprite-url=\"\" data-metadata=\"{&quot;title&quot;:&quot;Isabel Veloso poderia engravidar mesmo com c\u00e2ncer? Oncologista explica | O Hospital Responde&quot;,&quot;sectionName&quot;:&quot;R7&quot;,&quot;mainSection&quot;:&quot;Famosos e TV&quot;,&quot;subSection&quot;:&quot;&quot;,&quot;views&quot;:&quot;&quot;,&quot;disableAdv&quot;:&quot;false&quot;,&quot;createdDate&quot;:&quot;2024-09-05T20:02:58Z&quot;,&quot;mainSectionUrl&quot;:&quot;https:\/\/record.r7.com\/domingo-espetacular\/conteudo-exclusivo\/o-hospital-responde\/video\/isabel-veloso-poderia-engravidar-mesmo-com-cancer-oncologista-explica-o-hospital-responde-07092024\/&quot;,&quot;sectionPath&quot;:&quot;https:\/\/record.r7.com\/domingo-espetacular\/conteudo-exclusivo\/o-hospital-responde&quot;,&quot;ageRating&quot;:&quot;&quot;,&quot;ageRatingDescription&quot;:&quot;&quot;,&quot;duration&quot;:183786,&quot;playerUrl&quot;:&quot;https:\/\/record.r7.com\/player\/b72a4175-1ced-4153-8c02-3f377233fd5d\/&quot;}\" data-player-params=\"{&quot;p&quot;:&quot;true&quot;,&quot;autoPlay&quot;:&quot;false&quot;,&quot;logo&quot;:&quot;true&quot;,&quot;playlistId&quot;:&quot;false&quot;,&quot;calhau&quot;:&quot;false&quot;,&quot;share&quot;:&quot;true&quot;,&quot;sz&quot;:&quot;false&quot;,&quot;full&quot;:&quot;true&quot;,&quot;customAdHash&quot;:&quot;\/7542\/R7entretenimento\/famosostv&quot;,&quot;referrerUrl&quot;:&quot;&quot;,&quot;externalLinks&quot;:&quot;true&quot;,&quot;debug&quot;:&quot;false&quot;,&quot;debugHash&quot;:&quot;false&quot;,&quot;debugRelated&quot;:&quot;false&quot;,&quot;timerRelated&quot;:&quot;true&quot;,&quot;logoRecord&quot;:&quot;false&quot;,&quot;contextModal&quot;:&quot;false&quot;,&quot;parentUrl&quot;:&quot;https:\/\/record.r7.com\/&quot;,&quot;t&quot;:&quot;0&quot;,&quot;noTitle&quot;:false,&quot;endBehavior&quot;:&quot;default&quot;}\" data-related-videos=\"[{&quot;title&quot;:&quot;Dem\u00eancia por Corpos de Lewy: saiba o que \u00e9 a doen\u00e7a e quais os sintomas | O Hospital Responde&quot;,&quot;thumb&quot;:&quot;https:\/\/d22yf0mxeu0gma.cloudfront.net\/01-02-2026\/t_4931b6989ba54895a3e9c9bf67313ab1_name_GERAL_THUMBS_YOUTUBE_2025__44_.jpg&quot;,&quot;url&quot;:&quot;https:\/\/record.r7.com\/domingo-espetacular\/conteudo-exclusivo\/o-hospital-responde\/video\/demencia-por-corpos-de-lewy-saiba-o-que-e-a-doenca-e-quais-os-sintomas-o-hospital-responde-03012026\/&quot;,&quot;embedUrl&quot;:&quot;https:\/\/record.r7.com\/player\/050dfcb3-5f32-4a6a-b45d-8a3ce768e658\/&quot;},{&quot;title&quot;:&quot;Cirrose: o que \u00e9, causas e tratamento | O Hospital Responde&quot;,&quot;thumb&quot;:&quot;https:\/\/d22yf0mxeu0gma.cloudfront.net\/12-22-2025\/t_0d0b500889e948afb417b718dd147526_name_GERAL_THUMBS_YOUTUBE_2025___2025_12_22T132627_924.jpg&quot;,&quot;url&quot;:&quot;https:\/\/record.r7.com\/domingo-espetacular\/conteudo-exclusivo\/o-hospital-responde\/video\/cirrose-o-que-e-causas-e-tratamento-o-hospital-responde-27122025\/&quot;,&quot;embedUrl&quot;:&quot;https:\/\/record.r7.com\/player\/29d48732-0761-45ad-be31-befa6f7f436f\/&quot;},{&quot;title&quot;:&quot;S\u00edfilis: entenda os sintomas, a preven\u00e7\u00e3o e o tratamento | O Hospital Responde&quot;,&quot;thumb&quot;:&quot;https:\/\/d22yf0mxeu0gma.cloudfront.net\/12-19-2025\/t_bc928c13c5a54165a76cef31d0a2a157_name_NATALIA_GERAL_THUMBS_YOUTUBE_2025___2025_12_18T213609_046.jpg&quot;,&quot;url&quot;:&quot;https:\/\/record.r7.com\/domingo-espetacular\/conteudo-exclusivo\/o-hospital-responde\/video\/sifilis-entenda-os-sintomas-a-prevencao-e-o-tratamento-o-hospital-responde-20122025\/&quot;,&quot;embedUrl&quot;:&quot;https:\/\/record.r7.com\/player\/0d5ffec0-34b6-47bc-8840-284f3951931e\/&quot;}]\" data-player-url=\"https:\/\/record.r7.com\/player\/b72a4175-1ced-4153-8c02-3f377233fd5d\/\" data-arc-video=\"\" data-arc-id=\"b72a4175-1ced-4153-8c02-3f377233fd5d\" data-short=\"false\" style=\"visibility:hidden\"><\/video><\/p>\n<p class=\"jarvics:base-text-neutral-high-400 base-text-[calc(theme(fontSize.xs)_*_var(--font-size,_1))] base-font-normal base-font-primary base-text-neutral-low-500 base-text-left\"><b>Para saber tudo do mundo dos famosos, <\/b><a href=\"https:\/\/whatsapp.com\/channel\/0029Va9UfKcHQbRyCyhPt71R\" rel=\"nofollow noopener\" target=\"_blank\"><b>siga o canal de entretenimento do R7<\/b><\/a><b>, o portal de not\u00edcias da RECORD, no WhatsApp<\/b><\/p>\n","protected":false},"excerpt":{"rendered":"LEIA AQUI O RESUMO DA NOT\u00cdCIA Lucas Borbas, marido da influenciadora Isabel Veloso, se emociona ao falar sobre&hellip;\n","protected":false},"author":2,"featured_media":215042,"comment_status":"","ping_status":"","sticky":false,"template":"","format":"standard","meta":{"footnotes":""},"categories":[145],"tags":[211,210,114,115,980,7733,32,33,117],"class_list":{"0":"post-215041","1":"post","2":"type-post","3":"status-publish","4":"format-standard","5":"has-post-thumbnail","7":"category-celebridades","8":"tag-celebridades","9":"tag-celebrities","10":"tag-entertainment","11":"tag-entretenimento","12":"tag-famosos","13":"tag-isabel-veloso","14":"tag-portugal","15":"tag-pt","16":"tag-saude"},"share_on_mastodon":{"url":"https:\/\/pubeurope.com\/@pt\/115838999810025324","error":""},"_links":{"self":[{"href":"https:\/\/www.europesays.com\/pt\/wp-json\/wp\/v2\/posts\/215041","targetHints":{"allow":["GET"]}}],"collection":[{"href":"https:\/\/www.europesays.com\/pt\/wp-json\/wp\/v2\/posts"}],"about":[{"href":"https:\/\/www.europesays.com\/pt\/wp-json\/wp\/v2\/types\/post"}],"author":[{"embeddable":true,"href":"https:\/\/www.europesays.com\/pt\/wp-json\/wp\/v2\/users\/2"}],"replies":[{"embeddable":true,"href":"https:\/\/www.europesays.com\/pt\/wp-json\/wp\/v2\/comments?post=215041"}],"version-history":[{"count":0,"href":"https:\/\/www.europesays.com\/pt\/wp-json\/wp\/v2\/posts\/215041\/revisions"}],"wp:featuredmedia":[{"embeddable":true,"href":"https:\/\/www.europesays.com\/pt\/wp-json\/wp\/v2\/media\/215042"}],"wp:attachment":[{"href":"https:\/\/www.europesays.com\/pt\/wp-json\/wp\/v2\/media?parent=215041"}],"wp:term":[{"taxonomy":"category","embeddable":true,"href":"https:\/\/www.europesays.com\/pt\/wp-json\/wp\/v2\/categories?post=215041"},{"taxonomy":"post_tag","embeddable":true,"href":"https:\/\/www.europesays.com\/pt\/wp-json\/wp\/v2\/tags?post=215041"}],"curies":[{"name":"wp","href":"https:\/\/api.w.org\/{rel}","templated":true}]}}