{"id":215043,"date":"2026-01-04T21:48:28","date_gmt":"2026-01-04T21:48:28","guid":{"rendered":"https:\/\/www.europesays.com\/pt\/215043\/"},"modified":"2026-01-04T21:48:28","modified_gmt":"2026-01-04T21:48:28","slug":"bts-tem-data-de-lancamento-de-novo-album-e-turne-anunciados-leia","status":"publish","type":"post","link":"https:\/\/www.europesays.com\/pt\/215043\/","title":{"rendered":"BTS tem data de lan\u00e7amento de novo \u00e1lbum e turn\u00ea anunciados; leia"},"content":{"rendered":"<p>Com o retorno dos sete integrantes do <strong>BTS<\/strong> ap\u00f3s o cumprimento do servi\u00e7o militar obrigat\u00f3rio sul-coreano, era quest\u00e3o de tempo at\u00e9 que surgisse um an\u00fancio de atividades do grupo. E ele chegou.<\/p>\n<p>Por meio do aplicativo <strong>Weverse<\/strong>, a empresa <strong>BigHit Music<\/strong> compartilhou detalhes sobre o novo \u00e1lbum do BTS, que ser\u00e1 o retorno triunfal do grupo ap\u00f3s quase quatro anos.\u00a0<\/p>\n<p>&#8220;Os membros estiveram profundamente envolvidos na cria\u00e7\u00e3o das m\u00fasicas, colocando seus pr\u00f3prios pensamentos e cores nelas enquanto expressavam musicalmente suas emo\u00e7\u00f5es e desafios que enfrentaram nessa jornada&#8221;, disse o comunicado.<\/p>\n<p>            Continua depois da Publicidade<\/p>\n<p>O \u00e1lbum ter\u00e1 14 faixas compostas de &#8220;hist\u00f3rias honestas que o BTS quer compartilhar com o ARMY&#8221; e ser\u00e1 lan\u00e7ado em 20 de mar\u00e7o. A pr\u00e9-venda do \u00e1lbum ter\u00e1 in\u00edcio \u00e0s<strong> 23h <\/strong>do dia <strong>15 de janeiro <\/strong>(hor\u00e1rio de Bras\u00edlia).\u00a0<\/p>\n<p>Al\u00e9m disso, ao <strong>meio-dia<\/strong> do dia <strong>13 de janeiro<\/strong> (hor\u00e1rio de Bras\u00edlia), haver\u00e1 o an\u00fancio da mais nova turn\u00ea do grupo. At\u00e9 o momento, s\u00f3 se sabe que ela ter\u00e1 in\u00edcio ap\u00f3s o lan\u00e7amento do novo \u00e1lbum.\u00a0<\/p>\n<p>Confira o comunicado na \u00edntegra <a href=\"https:\/\/weverse.io\/bts\/notice\/32916\" rel=\"nofollow noopener\" target=\"_blank\"><strong>aqui<\/strong><\/a> e fique de olhos nas datas mencionadas para mais detalhes!<\/p>\n","protected":false},"excerpt":{"rendered":"Com o retorno dos sete integrantes do BTS ap\u00f3s o cumprimento do servi\u00e7o militar obrigat\u00f3rio sul-coreano, era quest\u00e3o&hellip;\n","protected":false},"author":2,"featured_media":215044,"comment_status":"","ping_status":"","sticky":false,"template":"","format":"standard","meta":{"footnotes":""},"categories":[141],"tags":[114,115,149,150,32,33],"class_list":{"0":"post-215043","1":"post","2":"type-post","3":"status-publish","4":"format-standard","5":"has-post-thumbnail","7":"category-musica","8":"tag-entertainment","9":"tag-entretenimento","10":"tag-music","11":"tag-musica","12":"tag-portugal","13":"tag-pt"},"share_on_mastodon":{"url":"https:\/\/pubeurope.com\/@pt\/115839035531339798","error":""},"_links":{"self":[{"href":"https:\/\/www.europesays.com\/pt\/wp-json\/wp\/v2\/posts\/215043","targetHints":{"allow":["GET"]}}],"collection":[{"href":"https:\/\/www.europesays.com\/pt\/wp-json\/wp\/v2\/posts"}],"about":[{"href":"https:\/\/www.europesays.com\/pt\/wp-json\/wp\/v2\/types\/post"}],"author":[{"embeddable":true,"href":"https:\/\/www.europesays.com\/pt\/wp-json\/wp\/v2\/users\/2"}],"replies":[{"embeddable":true,"href":"https:\/\/www.europesays.com\/pt\/wp-json\/wp\/v2\/comments?post=215043"}],"version-history":[{"count":0,"href":"https:\/\/www.europesays.com\/pt\/wp-json\/wp\/v2\/posts\/215043\/revisions"}],"wp:featuredmedia":[{"embeddable":true,"href":"https:\/\/www.europesays.com\/pt\/wp-json\/wp\/v2\/media\/215044"}],"wp:attachment":[{"href":"https:\/\/www.europesays.com\/pt\/wp-json\/wp\/v2\/media?parent=215043"}],"wp:term":[{"taxonomy":"category","embeddable":true,"href":"https:\/\/www.europesays.com\/pt\/wp-json\/wp\/v2\/categories?post=215043"},{"taxonomy":"post_tag","embeddable":true,"href":"https:\/\/www.europesays.com\/pt\/wp-json\/wp\/v2\/tags?post=215043"}],"curies":[{"name":"wp","href":"https:\/\/api.w.org\/{rel}","templated":true}]}}