{"id":215051,"date":"2026-01-04T21:56:21","date_gmt":"2026-01-04T21:56:21","guid":{"rendered":"https:\/\/www.europesays.com\/pt\/215051\/"},"modified":"2026-01-04T21:56:21","modified_gmt":"2026-01-04T21:56:21","slug":"transito-reaberto-na-a1-na-zona-de-santarem-apos-despiste-que-faz-um-ferido-grave","status":"publish","type":"post","link":"https:\/\/www.europesays.com\/pt\/215051\/","title":{"rendered":"Tr\u00e2nsito reaberto na A1 na zona de Santar\u00e9m ap\u00f3s despiste que faz um ferido grave"},"content":{"rendered":"<p>\t                Helic\u00f3ptero do INEM transporta ferido para o hospital<\/p>\n<p>O despiste de um ve\u00edculo ligeiro na A1, na zona de Santar\u00e9m, provocou um ferido grave e obrigou ao corte tempor\u00e1rio do tr\u00e2nsito no sentido norte-sul. A circula\u00e7\u00e3o foi entretanto reaberta.<\/p>\n<p>O alerta foi dado eplas 16:01 para o acidente ocorrido ao quil\u00f3metor 72 da auto-estrada do Norte.<\/p>\n<p>De acordo com o Comando Distriall de Opera\u00e7\u00f5es (CDOS) de Santar\u00e9m, o ferido era o \u00fanico ocupante do ve\u00edculo e vai ser transportado no helic\u00f3ptero do INEM para um hospital.<\/p>\n<p>No local est\u00e3o, al\u00e9m do helic\u00f3ptero,\u00a017 operacionais e seis ve\u00edculos dos bombeiros de Ternes e de Alcanena, da Brisa, da GNR e do INEM.<\/p>\n","protected":false},"excerpt":{"rendered":"Helic\u00f3ptero do INEM transporta ferido para o hospital O despiste de um ve\u00edculo ligeiro na A1, na zona&hellip;\n","protected":false},"author":2,"featured_media":215052,"comment_status":"","ping_status":"","sticky":false,"template":"","format":"standard","meta":{"footnotes":""},"categories":[10],"tags":[20659,59,609,611,27,28,607,608,604,610,539,15,16,14,25795,7923,603,25,26,570,21,22,606,12,13,19,20,602,32,23,24,33,519,58,605,17,18,29,30,31],"class_list":{"0":"post-215051","1":"post","2":"type-post","3":"status-publish","4":"format-standard","5":"has-post-thumbnail","7":"category-portugal","8":"tag-a1","9":"tag-acidente","10":"tag-alerta","11":"tag-ao-minuto","12":"tag-breaking-news","13":"tag-breakingnews","14":"tag-cnn","15":"tag-cnn-portugal","16":"tag-crime","17":"tag-direto","18":"tag-educacao","19":"tag-featured-news","20":"tag-featurednews","21":"tag-headlines","22":"tag-helicoptero","23":"tag-inem","24":"tag-justica","25":"tag-latest-news","26":"tag-latestnews","27":"tag-live","28":"tag-main-news","29":"tag-mainnews","30":"tag-meteorologia","31":"tag-news","32":"tag-noticias","33":"tag-noticias-principais","34":"tag-noticiasprincipais","35":"tag-pais","36":"tag-portugal","37":"tag-principais-noticias","38":"tag-principaisnoticias","39":"tag-pt","40":"tag-santarem","41":"tag-sociedade","42":"tag-tempo","43":"tag-top-stories","44":"tag-topstories","45":"tag-ultimas","46":"tag-ultimas-noticias","47":"tag-ultimasnoticias"},"share_on_mastodon":{"url":"","error":"Validation failed: Text character limit of 500 exceeded"},"_links":{"self":[{"href":"https:\/\/www.europesays.com\/pt\/wp-json\/wp\/v2\/posts\/215051","targetHints":{"allow":["GET"]}}],"collection":[{"href":"https:\/\/www.europesays.com\/pt\/wp-json\/wp\/v2\/posts"}],"about":[{"href":"https:\/\/www.europesays.com\/pt\/wp-json\/wp\/v2\/types\/post"}],"author":[{"embeddable":true,"href":"https:\/\/www.europesays.com\/pt\/wp-json\/wp\/v2\/users\/2"}],"replies":[{"embeddable":true,"href":"https:\/\/www.europesays.com\/pt\/wp-json\/wp\/v2\/comments?post=215051"}],"version-history":[{"count":0,"href":"https:\/\/www.europesays.com\/pt\/wp-json\/wp\/v2\/posts\/215051\/revisions"}],"wp:featuredmedia":[{"embeddable":true,"href":"https:\/\/www.europesays.com\/pt\/wp-json\/wp\/v2\/media\/215052"}],"wp:attachment":[{"href":"https:\/\/www.europesays.com\/pt\/wp-json\/wp\/v2\/media?parent=215051"}],"wp:term":[{"taxonomy":"category","embeddable":true,"href":"https:\/\/www.europesays.com\/pt\/wp-json\/wp\/v2\/categories?post=215051"},{"taxonomy":"post_tag","embeddable":true,"href":"https:\/\/www.europesays.com\/pt\/wp-json\/wp\/v2\/tags?post=215051"}],"curies":[{"name":"wp","href":"https:\/\/api.w.org\/{rel}","templated":true}]}}