{"id":215055,"date":"2026-01-04T21:58:08","date_gmt":"2026-01-04T21:58:08","guid":{"rendered":"https:\/\/www.europesays.com\/pt\/215055\/"},"modified":"2026-01-04T21:58:08","modified_gmt":"2026-01-04T21:58:08","slug":"cobertura-em-frente-ao-mar-de-r-2-milhoes-de-cantor-sertanejo-foi-vendida-por-ex-bbb-fotos","status":"publish","type":"post","link":"https:\/\/www.europesays.com\/pt\/215055\/","title":{"rendered":"Cobertura em frente ao mar de R$ 2 milh\u00f5es de cantor sertanejo foi vendida por ex-BBB; fotos"},"content":{"rendered":"<p>A proximidade da estreia do BBB 26 resgata hist\u00f3rias de edi\u00e7\u00f5es passadas que se conectam com o mercado de luxo atual. Um dos nomes que ilustra essa transi\u00e7\u00e3o \u00e9 o de <strong>Emanuel Milchevski<\/strong>, participante do BBB 9.<\/p>\n<p>O catarinense, que conquistou sua vaga no reality ap\u00f3s vencer a primeira Casa de Vidro da hist\u00f3ria do programa em 2009, atua hoje como corretor no mercado imobili\u00e1rio de alto padr\u00e3o em Santa Catarina e foi o respons\u00e1vel por mediar neg\u00f3cios para grandes nomes da m\u00fasica brasileira, como o cantor <a href=\"https:\/\/caras.com.br\/tags\/zeze-di-camargo\" rel=\"nofollow noopener\" target=\"_blank\"><strong>Zez\u00e9 Di Camargo<\/strong><\/a>.<\/p>\n<p>Segundo Milchevski, a exposi\u00e7\u00e3o gerada pelo programa da TV Globo facilitou a constru\u00e7\u00e3o de uma rede de contatos que hoje sustenta sua carreira profissional. \u201cA hist\u00f3ria que constru\u00ed ao longo do tempo me trouxe muito network em v\u00e1rias regi\u00f5es do Brasil\u201d, afirmou o corretor, em entrevista ao gshow, que destacou ainda que o sertanejo recordava de sua passagem pelo reality durante as negocia\u00e7\u00f5es.<\/p>\n<p> Cobertura de luxo <\/p>\n<p>Zez\u00e9 di Camargo possui uma cobertura d\u00faplex de 225 m\u00b2 localizada no edif\u00edcio Abu Dhabi, em Itapema, no litoral catarinense.<\/p>\n<p>O im\u00f3vel, avaliado em R$ 2 milh\u00f5es, possui vista definitiva para o mar e se tornou um dos ref\u00fagios de Zez\u00e9 e sua esposa, a influenciadora <a href=\"https:\/\/caras.com.br\/tags\/graciele-lacerda\" rel=\"nofollow noopener\" target=\"_blank\"><strong>Graciele Lacerda<\/strong><\/a>.<\/p>\n<p>O apartamento foi adquirido por Zez\u00e9 Di Camargo ainda na planta, o que permitiu uma personaliza\u00e7\u00e3o completa da planta e dos acabamentos.<\/p>\n<p>A proposta da decora\u00e7\u00e3o do apartamento buscou integrar a est\u00e9tica praiana com o conforto necess\u00e1rio para o descanso do casal, utilizando uma paleta de cores pautada em tons de azul, madeira e elementos neutros. Entre os destaques t\u00e9cnicos da unidade est\u00e1 a su\u00edte m\u00e1ster, que conta com uma cortina de cinco metros de v\u00e3o e um sistema automatizado para otimizar a incid\u00eancia de luz e valorizar a paisagem externa.<\/p>\n<p>As informa\u00e7\u00f5es foram divulgadas pela Casa Vogue.<\/p>\n<p>\t <img loading=\"lazy\" decoding=\"async\" class=\"wp-image-1052717 size-large img-fluid lazy\" alt=\"\" width=\"800\" height=\"384\" src=\"https:\/\/www.europesays.com\/pt\/wp-content\/uploads\/2026\/01\/Captura-de-tela-2026-01-04-161121-800x384.png\"  \/>Reprodu\u00e7\u00e3o\/YouTube <img loading=\"lazy\" decoding=\"async\" class=\"wp-image-1052718 size-large img-fluid lazy\" alt=\"\" width=\"800\" height=\"450\" src=\"https:\/\/www.europesays.com\/pt\/wp-content\/uploads\/2026\/01\/Captura-de-tela-2026-01-04-161140-800x450.png\"  \/>Reprodu\u00e7\u00e3o\/YouTube <img loading=\"lazy\" decoding=\"async\" class=\"wp-image-1052719 size-large img-fluid lazy\" alt=\"\" width=\"800\" height=\"379\" src=\"https:\/\/www.europesays.com\/pt\/wp-content\/uploads\/2026\/01\/Captura-de-tela-2026-01-04-161241-800x379.png\"  \/>Reprodu\u00e7\u00e3o\/YouTube <img loading=\"lazy\" decoding=\"async\" class=\"wp-image-1052720 size-large img-fluid lazy\" alt=\"\" width=\"800\" height=\"385\" src=\"https:\/\/www.europesays.com\/pt\/wp-content\/uploads\/2026\/01\/Captura-de-tela-2026-01-04-161249-800x385.png\"  \/>Reprodu\u00e7\u00e3o\/YouTube ACOMPANHE AS <a href=\"https:\/\/www.instagram.com\/carasbrasil\/\" rel=\"nofollow noopener\" target=\"_blank\">REDES SOCIAIS<\/a> DA CARAS BRASIL E FIQUE POR DENTRO DE TUDO O QUE ACONTECE NO MUNDO DOS FAMOSOS: <\/p>\n<blockquote class=\"instagram-media\" style=\"background: #FFF; border: 0; border-radius: 3px; box-shadow: 0 0 1px 0 rgba(0,0,0,0.5),0 1px 10px 0 rgba(0,0,0,0.15); margin: 1px; max-width: 540px; min-width: 326px; padding: 0; width: calc(100% - 2px);\" data-instgrm-permalink=\"https:\/\/www.instagram.com\/p\/DTF9AuDjamj\/?utm_source=ig_embed&amp;utm_campaign=loading\" data-instgrm-version=\"14\"><\/blockquote>\n<p>                                                                                            <script async src=\"\/\/www.instagram.com\/embed.js\"><\/script><\/p>\n","protected":false},"excerpt":{"rendered":"A proximidade da estreia do BBB 26 resgata hist\u00f3rias de edi\u00e7\u00f5es passadas que se conectam com o mercado&hellip;\n","protected":false},"author":2,"featured_media":215056,"comment_status":"","ping_status":"","sticky":false,"template":"","format":"standard","meta":{"footnotes":""},"categories":[145],"tags":[211,210,114,115,32,33],"class_list":{"0":"post-215055","1":"post","2":"type-post","3":"status-publish","4":"format-standard","5":"has-post-thumbnail","7":"category-celebridades","8":"tag-celebridades","9":"tag-celebrities","10":"tag-entertainment","11":"tag-entretenimento","12":"tag-portugal","13":"tag-pt"},"share_on_mastodon":{"url":"","error":""},"_links":{"self":[{"href":"https:\/\/www.europesays.com\/pt\/wp-json\/wp\/v2\/posts\/215055","targetHints":{"allow":["GET"]}}],"collection":[{"href":"https:\/\/www.europesays.com\/pt\/wp-json\/wp\/v2\/posts"}],"about":[{"href":"https:\/\/www.europesays.com\/pt\/wp-json\/wp\/v2\/types\/post"}],"author":[{"embeddable":true,"href":"https:\/\/www.europesays.com\/pt\/wp-json\/wp\/v2\/users\/2"}],"replies":[{"embeddable":true,"href":"https:\/\/www.europesays.com\/pt\/wp-json\/wp\/v2\/comments?post=215055"}],"version-history":[{"count":0,"href":"https:\/\/www.europesays.com\/pt\/wp-json\/wp\/v2\/posts\/215055\/revisions"}],"wp:featuredmedia":[{"embeddable":true,"href":"https:\/\/www.europesays.com\/pt\/wp-json\/wp\/v2\/media\/215056"}],"wp:attachment":[{"href":"https:\/\/www.europesays.com\/pt\/wp-json\/wp\/v2\/media?parent=215055"}],"wp:term":[{"taxonomy":"category","embeddable":true,"href":"https:\/\/www.europesays.com\/pt\/wp-json\/wp\/v2\/categories?post=215055"},{"taxonomy":"post_tag","embeddable":true,"href":"https:\/\/www.europesays.com\/pt\/wp-json\/wp\/v2\/tags?post=215055"}],"curies":[{"name":"wp","href":"https:\/\/api.w.org\/{rel}","templated":true}]}}