{"id":215057,"date":"2026-01-04T22:02:28","date_gmt":"2026-01-04T22:02:28","guid":{"rendered":"https:\/\/www.europesays.com\/pt\/215057\/"},"modified":"2026-01-04T22:02:28","modified_gmt":"2026-01-04T22:02:28","slug":"brasileira-e-presa-na-coreia-do-sul-por-perseguicao-a-celebridade","status":"publish","type":"post","link":"https:\/\/www.europesays.com\/pt\/215057\/","title":{"rendered":"Brasileira \u00e9 presa na Coreia do Sul por persegui\u00e7\u00e3o \u00e0 celebridade"},"content":{"rendered":"<p class=\"texto\">A pol\u00edcia de Seul, Capital da Coreia do Sul, prendeu neste domingo (4\/1) uma brasileira suspeita de perseguir o cantor Jung Kook, integrante do grupo BTS, e tentar invadir sua resid\u00eancia. A ocorr\u00eancia foi registrada no distrito de Yongsan, onde o artista mora.<\/p>\n<p class=\"texto\">Segundo as autoridades sul-coreanas, a mulher tem cerca de 30 anos e j\u00e1 era monitorada pela pol\u00edcia por epis\u00f3dios anteriores envolvendo o cantor. Investiga\u00e7\u00f5es apontam que, ao longo das \u00faltimas semanas, ela passou a frequentar repetidamente as imedia\u00e7\u00f5es do im\u00f3vel, onde teria mexido em correspond\u00eancias de Jung Kook, pendurado fotografias para o artista e escrito mensagens pr\u00f3ximas \u00e0 resid\u00eancia.<\/p>\n<p class=\"texto\">A primeira ocorr\u00eancia contra a brasileira, que ainda n\u00e3o foi identificada, ocorreu em 13 de dezembro, quando a mulher foi abordada e liberada ap\u00f3s prestar depoimento. No entanto, ela voltou ao local no dia 28 do mesmo m\u00eas, o que levou a pol\u00edcia a classificar a conduta como reincidente e grave.<\/p>\n<p class=\"texto\">Diante da repeti\u00e7\u00e3o dos epis\u00f3dios, a ag\u00eancia respons\u00e1vel pela carreira de Jung Kook, Bihit Music, solicitou \u00e0 Justi\u00e7a uma medida protetiva, com base na legisla\u00e7\u00e3o da Coreia do Sul contra persegui\u00e7\u00e3o e ass\u00e9dio. Mesmo ap\u00f3s a decis\u00e3o, a mulher retornou ao endere\u00e7o neste domingo, descumprindo a determina\u00e7\u00e3o judicial, o que motivou sua pris\u00e3o em flagrante.<\/p>\n<p class=\"texto\"><strong><a href=\"https:\/\/whatsapp.com\/channel\/0029VaB1U9a002T64ex1Sy2w\" target=\"_blank\" rel=\"nofollow noopener\">Siga o canal do Correio no WhatsApp e receba as principais not\u00edcias do dia no seu celular<\/a><\/strong><\/p>\n<ul>\n<li><a href=\"https:\/\/wa.me\/?text=Brasileira+%C3%A9+detida+na+Coreia+do+Sul+por+perseguir+cantor+de+k-pop%20https:\/\/www.correiobraziliense.com.br\/mundo\/2026\/01\/7325968-brasileira-e-presa-na-coreia-do-sul-por-perseguicao-a-celebridade.html\" target=\"_blank\" title=\"Whatsapp\" aria-label=\"WhatsApp\" rel=\"nofollow noopener\"><\/a><\/li>\n<li><a href=\"https:\/\/www.facebook.com\/sharer.php?u=https:\/\/www.correiobraziliense.com.br%2Fmundo%2F2026%2F01%2F7325968-brasileira-e-presa-na-coreia-do-sul-por-perseguicao-a-celebridade.html&amp;text=Brasileira+%C3%A9+detida+na+Coreia+do+Sul+por+perseguir+cantor+de+k-pop\" target=\"_blank\" title=\"Facebook\" aria-label=\"Facebook\" rel=\"nofollow noopener\"><\/a><\/li>\n<li><a href=\"https:\/\/twitter.com\/intent\/tweet?url=https:\/\/www.correiobraziliense.com.br%2Fmundo%2F2026%2F01%2F7325968-brasileira-e-presa-na-coreia-do-sul-por-perseguicao-a-celebridade.html&amp;text=Brasileira+%C3%A9+detida+na+Coreia+do+Sul+por+perseguir+cantor+de+k-pop\" target=\"_blank\" title=\"Twitter\" aria-label=\"Twitter\" rel=\"nofollow noopener\"><\/a><\/li>\n<li><a href=\"https:\/\/profile.google.com\/cp\/CgovbS8wNzZ0dms1\" title=\"Google Discover\" target=\"_blank\" aria-label=\"Google Discover\" rel=\"nofollow noopener\"><img decoding=\"async\" src=\"https:\/\/www.europesays.com\/pt\/wp-content\/uploads\/2025\/12\/google-discover-icon.png\" style=\"height: 25px; margin: 0 !important; margin-left: 3px;\" alt=\"Google Discover Icon\"\/><\/a><\/li>\n<\/ul>\n<p>              <a href=\"https:\/\/www.correiobraziliense.com.br\/autor\/mannu-leones\/page\/1\/\" style=\"height: 100%;\" rel=\"nofollow noopener\" target=\"_blank\"><img decoding=\"async\" class=\"hidden-print author-circle d-block h6 mt-0 mb-0 mr-6 text-center\" src=\"https:\/\/www.europesays.com\/pt\/wp-content\/uploads\/2026\/01\/img-4805-58997831.jpg\" alt=\"\" width=\"40\" height=\"40\" loading=\"lazy\" style=\"object-fit:cover; width: 40px; height: 40px; margin-right:10px;\"\/><\/a><a href=\"https:\/\/www.correiobraziliense.com.br\/autor\/mannu-leones\/page\/1\/\" rel=\"nofollow noopener\" target=\"_blank\"><img decoding=\"async\" class=\"hidden-print author-circle d-block h6 mt-0 mb-0 mr-6 text-center\" src=\"https:\/\/www.europesays.com\/pt\/wp-content\/uploads\/2026\/01\/img-4805-58997831.jpg\" alt=\"\" width=\"40\" height=\"40\" loading=\"lazy\" style=\"object-fit:cover; width: 40px; height: 40px; margin-right:10px;\"\/><\/a>Mannu Leones  <strong class=\"entryStrongAuthor\">Rep\u00f3rter<\/strong><\/p>\n<p class=\"entryDescricaoAuthor\">Jornalista pelo Instituto Brasileiro de Ensino, Desenvolvimento e Pesquisa (IDP),  aficionada por jornalismo pol\u00edtico e jornalismo em quadrinhos, al\u00e9m de ilustradora. Com passagens por CNN Brasil, SBT News e SBT Brasil<\/p>\n<p>                          <script async src=\"https:\/\/platform.twitter.com\/widgets.js\" charset=\"utf-8\"><\/script><\/p>\n","protected":false},"excerpt":{"rendered":"A pol\u00edcia de Seul, Capital da Coreia do Sul, prendeu neste domingo (4\/1) uma brasileira suspeita de perseguir&hellip;\n","protected":false},"author":2,"featured_media":215058,"comment_status":"","ping_status":"","sticky":false,"template":"","format":"standard","meta":{"footnotes":""},"categories":[141],"tags":[25036,2344,3092,114,115,41947,149,150,32,33],"class_list":{"0":"post-215057","1":"post","2":"type-post","3":"status-publish","4":"format-standard","5":"has-post-thumbnail","7":"category-musica","8":"tag-brasileira","9":"tag-bts","10":"tag-coreia-do-sul","11":"tag-entertainment","12":"tag-entretenimento","13":"tag-jung-kook","14":"tag-music","15":"tag-musica","16":"tag-portugal","17":"tag-pt"},"share_on_mastodon":{"url":"https:\/\/pubeurope.com\/@pt\/115839090755283175","error":""},"_links":{"self":[{"href":"https:\/\/www.europesays.com\/pt\/wp-json\/wp\/v2\/posts\/215057","targetHints":{"allow":["GET"]}}],"collection":[{"href":"https:\/\/www.europesays.com\/pt\/wp-json\/wp\/v2\/posts"}],"about":[{"href":"https:\/\/www.europesays.com\/pt\/wp-json\/wp\/v2\/types\/post"}],"author":[{"embeddable":true,"href":"https:\/\/www.europesays.com\/pt\/wp-json\/wp\/v2\/users\/2"}],"replies":[{"embeddable":true,"href":"https:\/\/www.europesays.com\/pt\/wp-json\/wp\/v2\/comments?post=215057"}],"version-history":[{"count":0,"href":"https:\/\/www.europesays.com\/pt\/wp-json\/wp\/v2\/posts\/215057\/revisions"}],"wp:featuredmedia":[{"embeddable":true,"href":"https:\/\/www.europesays.com\/pt\/wp-json\/wp\/v2\/media\/215058"}],"wp:attachment":[{"href":"https:\/\/www.europesays.com\/pt\/wp-json\/wp\/v2\/media?parent=215057"}],"wp:term":[{"taxonomy":"category","embeddable":true,"href":"https:\/\/www.europesays.com\/pt\/wp-json\/wp\/v2\/categories?post=215057"},{"taxonomy":"post_tag","embeddable":true,"href":"https:\/\/www.europesays.com\/pt\/wp-json\/wp\/v2\/tags?post=215057"}],"curies":[{"name":"wp","href":"https:\/\/api.w.org\/{rel}","templated":true}]}}