{"id":215079,"date":"2026-01-04T22:29:19","date_gmt":"2026-01-04T22:29:19","guid":{"rendered":"https:\/\/www.europesays.com\/pt\/215079\/"},"modified":"2026-01-04T22:29:19","modified_gmt":"2026-01-04T22:29:19","slug":"como-casamento-de-sylvester-stallone-e-brigitte-nielsen-comecou-e-acabou-com-rumores-de-infidelidade-envolvendo-outro-astro-de-hollywood","status":"publish","type":"post","link":"https:\/\/www.europesays.com\/pt\/215079\/","title":{"rendered":"Como casamento de Sylvester Stallone e Brigitte Nielsen come\u00e7ou e acabou com rumores de infidelidade envolvendo outro astro de Hollywood"},"content":{"rendered":"\n<p class=\" content-text__container \" data-track-category=\"Link no Texto\" data-track-links=\"\"> Se esse trampolim metaf\u00f3rico era a inten\u00e7\u00e3o de Brigitte ou n\u00e3o, quando ela se casou com Sylvester, fez pouca diferen\u00e7a. Afinal, ela tomou um grande tombo assim que se separou dele, como alegou no programa de Oprah. \u201cQuando eu deixei Sylvester, todas as portas se fecharam para mim. Ningu\u00e9m queria me tocar, eu fiquei basicamente na lista proibida\u201d, revelou, acrescentando que precisou retornar a Europa (ela \u00e9 dinamarquesa) e que, l\u00e1, foi sua habilidade de falar e atuar em quatro l\u00ednguas que a fez continuar trabalhando. <\/p>\n","protected":false},"excerpt":{"rendered":"Se esse trampolim metaf\u00f3rico era a inten\u00e7\u00e3o de Brigitte ou n\u00e3o, quando ela se casou com Sylvester, fez&hellip;\n","protected":false},"author":2,"featured_media":215080,"comment_status":"","ping_status":"","sticky":false,"template":"","format":"standard","meta":{"footnotes":""},"categories":[145],"tags":[211,210,114,115,32,33],"class_list":{"0":"post-215079","1":"post","2":"type-post","3":"status-publish","4":"format-standard","5":"has-post-thumbnail","7":"category-celebridades","8":"tag-celebridades","9":"tag-celebrities","10":"tag-entertainment","11":"tag-entretenimento","12":"tag-portugal","13":"tag-pt"},"share_on_mastodon":{"url":"https:\/\/pubeurope.com\/@pt\/115839196355805980","error":""},"_links":{"self":[{"href":"https:\/\/www.europesays.com\/pt\/wp-json\/wp\/v2\/posts\/215079","targetHints":{"allow":["GET"]}}],"collection":[{"href":"https:\/\/www.europesays.com\/pt\/wp-json\/wp\/v2\/posts"}],"about":[{"href":"https:\/\/www.europesays.com\/pt\/wp-json\/wp\/v2\/types\/post"}],"author":[{"embeddable":true,"href":"https:\/\/www.europesays.com\/pt\/wp-json\/wp\/v2\/users\/2"}],"replies":[{"embeddable":true,"href":"https:\/\/www.europesays.com\/pt\/wp-json\/wp\/v2\/comments?post=215079"}],"version-history":[{"count":0,"href":"https:\/\/www.europesays.com\/pt\/wp-json\/wp\/v2\/posts\/215079\/revisions"}],"wp:featuredmedia":[{"embeddable":true,"href":"https:\/\/www.europesays.com\/pt\/wp-json\/wp\/v2\/media\/215080"}],"wp:attachment":[{"href":"https:\/\/www.europesays.com\/pt\/wp-json\/wp\/v2\/media?parent=215079"}],"wp:term":[{"taxonomy":"category","embeddable":true,"href":"https:\/\/www.europesays.com\/pt\/wp-json\/wp\/v2\/categories?post=215079"},{"taxonomy":"post_tag","embeddable":true,"href":"https:\/\/www.europesays.com\/pt\/wp-json\/wp\/v2\/tags?post=215079"}],"curies":[{"name":"wp","href":"https:\/\/api.w.org\/{rel}","templated":true}]}}