{"id":215081,"date":"2026-01-04T22:35:07","date_gmt":"2026-01-04T22:35:07","guid":{"rendered":"https:\/\/www.europesays.com\/pt\/215081\/"},"modified":"2026-01-04T22:35:07","modified_gmt":"2026-01-04T22:35:07","slug":"supergirl-ganha-novo-poster-promocional-veja","status":"publish","type":"post","link":"https:\/\/www.europesays.com\/pt\/215081\/","title":{"rendered":"Supergirl ganha novo p\u00f4ster promocional; veja"},"content":{"rendered":"<p class=\"wp-block-yoast-seo-estimated-reading-time yoast-reading-time__wrapper\">Estimated reading time: 1 minuto<\/p>\n<p><a href=\"https:\/\/ovicio.com.br\/filme\/supergirl-a-mulher-do-amanha\/\" rel=\"nofollow noopener\" target=\"_blank\">Supergirl<\/a> teve um novo p\u00f4ster promocional divulgado. A imagem, provavelmente, ser\u00e1 estampada em cadernos e produtos do tipo.<\/p>\n<p>Veja abaixo:<\/p>\n<p><strong>Supergirl<\/strong> \u00e9 dirigido por <strong>Craig Gillespie<\/strong> (Eu, Tonya), com roteiro de <strong>Ana Nogueira<\/strong>. <strong>Milly Alcock<\/strong> (A Casa do Drag\u00e3o) estrela como a personagem-t\u00edtulo, <strong>Kara Zor-El<\/strong>.<\/p>\n<p>O elenco tamb\u00e9m conta com <strong>Jason Momoa<\/strong>, que faz uma participa\u00e7\u00e3o especial como o anti-her\u00f3i <strong>Lobo<\/strong>.<\/p>\n<p><strong>Supergirl<\/strong> chegar\u00e1 aos cinemas do Brasil em 25 de junho.<\/p>\n<p>Leia tamb\u00e9m sobre Supergirl:<\/p>\n","protected":false},"excerpt":{"rendered":"Estimated reading time: 1 minuto Supergirl teve um novo p\u00f4ster promocional divulgado. A imagem, provavelmente, ser\u00e1 estampada em&hellip;\n","protected":false},"author":2,"featured_media":215082,"comment_status":"","ping_status":"","sticky":false,"template":"","format":"standard","meta":{"footnotes":""},"categories":[140],"tags":[7319,114,115,147,148,146,32,33,7322],"class_list":{"0":"post-215081","1":"post","2":"type-post","3":"status-publish","4":"format-standard","5":"has-post-thumbnail","7":"category-filmes","8":"tag-dc-studios","9":"tag-entertainment","10":"tag-entretenimento","11":"tag-film","12":"tag-filmes","13":"tag-movies","14":"tag-portugal","15":"tag-pt","16":"tag-supergirl"},"share_on_mastodon":{"url":"https:\/\/pubeurope.com\/@pt\/115839220055298387","error":""},"_links":{"self":[{"href":"https:\/\/www.europesays.com\/pt\/wp-json\/wp\/v2\/posts\/215081","targetHints":{"allow":["GET"]}}],"collection":[{"href":"https:\/\/www.europesays.com\/pt\/wp-json\/wp\/v2\/posts"}],"about":[{"href":"https:\/\/www.europesays.com\/pt\/wp-json\/wp\/v2\/types\/post"}],"author":[{"embeddable":true,"href":"https:\/\/www.europesays.com\/pt\/wp-json\/wp\/v2\/users\/2"}],"replies":[{"embeddable":true,"href":"https:\/\/www.europesays.com\/pt\/wp-json\/wp\/v2\/comments?post=215081"}],"version-history":[{"count":0,"href":"https:\/\/www.europesays.com\/pt\/wp-json\/wp\/v2\/posts\/215081\/revisions"}],"wp:featuredmedia":[{"embeddable":true,"href":"https:\/\/www.europesays.com\/pt\/wp-json\/wp\/v2\/media\/215082"}],"wp:attachment":[{"href":"https:\/\/www.europesays.com\/pt\/wp-json\/wp\/v2\/media?parent=215081"}],"wp:term":[{"taxonomy":"category","embeddable":true,"href":"https:\/\/www.europesays.com\/pt\/wp-json\/wp\/v2\/categories?post=215081"},{"taxonomy":"post_tag","embeddable":true,"href":"https:\/\/www.europesays.com\/pt\/wp-json\/wp\/v2\/tags?post=215081"}],"curies":[{"name":"wp","href":"https:\/\/api.w.org\/{rel}","templated":true}]}}