{"id":215105,"date":"2026-01-04T22:58:08","date_gmt":"2026-01-04T22:58:08","guid":{"rendered":"https:\/\/www.europesays.com\/pt\/215105\/"},"modified":"2026-01-04T22:58:08","modified_gmt":"2026-01-04T22:58:08","slug":"rafael-cardoso-celebra-reencontro-com-os-filhos-depois-de-caso-na-justica","status":"publish","type":"post","link":"https:\/\/www.europesays.com\/pt\/215105\/","title":{"rendered":"Rafael Cardoso celebra reencontro com os filhos depois de caso na justi\u00e7a"},"content":{"rendered":"<p>O ator <a href=\"https:\/\/caras.com.br\/tags\/rafael-cardoso\" rel=\"nofollow noopener\" target=\"_blank\"><strong>Rafael Cardoso<\/strong><\/a> come\u00e7ou o ano de 2026 <a href=\"https:\/\/caras.com.br\/atualidades\/pela-primeira-vez-rafael-cardoso-mostra-os-3-filhos-juntos.phtml\" rel=\"nofollow noopener\" target=\"_blank\">ao lado dos 3 filhos<\/a>. Depois de passar um longo per\u00edodo sem conseguir encontrar 2 dos 3 filhos pessoalmente por causa de quest\u00f5es na justi\u00e7a, ele aproveitou um dia de divers\u00e3o com as crian\u00e7as em sua casa.<\/p>\n<p>O artista mostrou fotos do banho de piscina com os herdeiros neste fim de semana e falou sobre a alegria de ver os filhos ao seu lado. Nas fotos, ele surgiu brincando com Aurora, Valentim e Helena, al\u00e9m da atual esposa, Carol Ferraz.<\/p>\n<p>\u201cIn\u00edcio de ano n\u00e3o \u00e9 sobre promessas. \u00c9 sobre presen\u00e7a. Depois de tudo o que foi atravessado, estar aqui \u2014 com a Aurora, o Valentim, a Helena e a Carol \u2014 n\u00e3o \u00e9 um detalhe da vida. \u00c9 a vida no seu estado mais l\u00facido. Existe um ponto em que o barulho cessa. N\u00e3o porque os problemas acabam, mas porque a alma para de fugir. \u00c9 ali que o prop\u00f3sito se revela:<br \/>n\u00e3o no excesso, n\u00e3o na corrida, mas na inteireza. Esse \u00e9 o verdadeiro ano 1. N\u00e3o come\u00e7a no calend\u00e1rio. Come\u00e7a quando as arestas internas se ajustam e o mundo externo deixa de ser um campo de batalha. Quando isso acontece, o fluxo muda. E quando o fluxo muda, nada mais precisa ser for\u00e7ado\u201c, disse ele.<\/p>\n<p>E completou: \u201cO novo n\u00e3o nasce do desejo. Nasce da consci\u00eancia. De estar inteiro no agora, com o corpo alinhado, com a alma presente, com o cora\u00e7\u00e3o dispon\u00edvel. Que esse in\u00edcio de ano nos lembre de algo essencial: n\u00e3o \u00e9 sobre ter mais. \u00c9 sobre estar melhor. Eu escolho presen\u00e7a. Eu escolho verdade. Eu escolho ficar. E quando a gente fica, a vida finalmente come\u00e7a. Salva se isso fez sentido. Compartilha se algu\u00e9m precisa lembrar que o novo n\u00e3o se busca \u2014 se habita\u201c.<\/p>\n<p>Aurora e Valentim s\u00e3o frutos do antigo casamento dele com Mari Bridi. Enquanto isso, Helena \u00e9 a ca\u00e7ula e fruto do namoro com Carol Ferraz.<\/p>\n<blockquote class=\"instagram-media\" style=\"background: #FFF; border: 0; border-radius: 3px; box-shadow: 0 0 1px 0 rgba(0,0,0,0.5),0 1px 10px 0 rgba(0,0,0,0.15); margin: 1px; max-width: 540px; min-width: 326px; padding: 0; width: calc(100% - 2px);\" data-instgrm-captioned=\"\" data-instgrm-permalink=\"https:\/\/www.instagram.com\/p\/DTGMPbPDjzr\/?utm_source=ig_embed&amp;utm_campaign=loading\" data-instgrm-version=\"14\"><\/blockquote>\n<p>  Rafael Cardoso n\u00e3o podia ver os filhos por decis\u00e3o judicial <\/p>\n<p>O ator Rafael Cardoso e a ex-mulher, Mari Bridi, tiveram um div\u00f3rcio conturbado. Depois de viverem juntos por muitos anos, os dois se separaram em 2022 e ela entrou com um pedido de medida protetiva na justi\u00e7a. O processo correu em segredo de justi\u00e7a e os dois lados n\u00e3o revelaram detalhes publicamente. O que se sabe \u00e9 que o ator cometeu erros e levaram Mari a proteger a si e as crian\u00e7as. Com isso, o ator precisou ficar longe dos filhos enquanto a justi\u00e7a tomava a decis\u00e3o. Neste meio tempo, ele conversava com os filhos de forma virtual.<\/p>\n<p>\u201cO que posso dizer, nesse momento, \u00e9 que estou cumprindo todas as medidas legais e minhas obriga\u00e7\u00f5es como pai que s\u00e3o poss\u00edveis no momento. E, muito em breve, meus direitos ser\u00e3o reestabelecidos\u201c, disse ele em um comunicado oficial em 2024. Pouco depois, ele comentou: \u201cTenho falado com meus filhos por WhatsApp sempre que consigo \u2014 n\u00e3o \u00e9 sempre, visto que depende muito mais da outra parte aceitar as minhas chamadas, o que nem sempre acontece!\u201c.<\/p>\n<p>Na \u00e9poca em que o assunto veio \u00e0 tona, Mari Bridi desabafou sobre a decis\u00e3o judicial e sua separa\u00e7\u00e3o. \u201cPor que a Justi\u00e7a impediria um pai de ver seus filhos presencialmente? Essa \u00e9 a pergunta que raramente \u00e9 feita, porque, como sociedade, fomos ensinados a questionar e julgar automaticamente as decis\u00f5es de uma mulher, sem nos atentarmos ao que realmente est\u00e1 por tr\u00e1s de medidas t\u00e3o s\u00e9rias. Sempre preferi manter esses assuntos no \u00e2mbito privado, acreditando que n\u00e3o deveriam ser discutidos publicamente. No entanto, quando uma mulher opta pelo sil\u00eancio, ela muitas vezes \u00e9 duramente criticada. E chega um momento em que se torna imposs\u00edvel n\u00e3o falar\u201c, disse ela.<\/p>\n<p>E completou: \u201cA decis\u00e3o de me separar e buscar medidas protetivas n\u00e3o foi f\u00e1cil, mas foi necess\u00e1ria para garantir a seguran\u00e7a e o bem-estar dos meus filhos e minha. Essas medidas nunca tiveram o objetivo de afastar pai e filhos, mas de proteg\u00ea-los. H\u00e1 mais de um ano, dois processos judiciais distintos est\u00e3o em andamento, ambos sob segredo de justi\u00e7a: um na vara de fam\u00edlia e outro no Juizado de Viol\u00eancia Dom\u00e9stica e Familiar Contra a Mulher. Esses processos s\u00e3o essenciais e, por lei, devem permanecer em sigilo, algo que sempre foi uma prioridade para mim, visando preservar TODAS as partes envolvidas, especialmente meus filhos. Atualmente, a guarda das crian\u00e7as est\u00e1 exclusivamente comigo, de forma TEMPOR\u00c1RIA. Essa decis\u00e3o foi tomada pela vara de fam\u00edlia para proteger a integridade f\u00edsica e psicol\u00f3gica dos dois menores at\u00e9 que requisitos legais sejam cumpridos e o conv\u00edvio presencial com o pai possa ser restabelecido\u201c.<\/p>\n<p><strong>Leia tamb\u00e9m<\/strong>: <a href=\"https:\/\/caras.com.br\/atualidades\/apos-dois-anos-sem-ver-o-filho-rafael-cardoso-abre-o-jogo-um-homem-que-errou.phtml\" rel=\"nofollow noopener\" target=\"_blank\">Ap\u00f3s dois anos sem ver o filho, Rafael Cardoso abre o jogo: \u2018Um homem que errou\u2019<\/a><\/p>\n<p>        <a href=\"https:\/\/caras.com.br\/autor\/priscilla-comoti\" rel=\"nofollow noopener\" target=\"_blank\">&#13;<br \/>\n          <img loading=\"lazy\" alt=\"Priscilla Comoti\" src=\"https:\/\/www.europesays.com\/pt\/wp-content\/uploads\/2026\/01\/1767567488_187_e53883bdf02c542f6517b68879e8cb08b27a1d55c4dfd53577e47d3ab6331a06.png\"  class=\"avatar avatar-115 photo rounded-circle mr-3\" height=\"115\" width=\"115\" decoding=\"async\"\/>        <\/a><\/p>\n<p>Priscilla Comoti \u00e9 editora de conte\u00fado do site CARAS. Ela \u00e9 formada em jornalismo e em audiovisual, j\u00e1 passou pelos sites Contigo!, Minha Novela, TiTiTi, Mais Novela e Portal M\u00e1rcia Piovesan. Escreve sobre celebridades, not\u00edcias sobre a fam\u00edlia real brit\u00e2nica, TV, reality show e novelas.<\/p>\n<p>\t                                            <script async src=\"\/\/www.instagram.com\/embed.js\"><\/script><\/p>\n","protected":false},"excerpt":{"rendered":"O ator Rafael Cardoso come\u00e7ou o ano de 2026 ao lado dos 3 filhos. Depois de passar um&hellip;\n","protected":false},"author":2,"featured_media":215106,"comment_status":"","ping_status":"","sticky":false,"template":"","format":"standard","meta":{"footnotes":""},"categories":[145],"tags":[211,210,114,115,1870,32,33,18943],"class_list":{"0":"post-215105","1":"post","2":"type-post","3":"status-publish","4":"format-standard","5":"has-post-thumbnail","7":"category-celebridades","8":"tag-celebridades","9":"tag-celebrities","10":"tag-entertainment","11":"tag-entretenimento","12":"tag-filhos","13":"tag-portugal","14":"tag-pt","15":"tag-rafael-cardoso"},"share_on_mastodon":{"url":"https:\/\/pubeurope.com\/@pt\/115839310413526107","error":""},"_links":{"self":[{"href":"https:\/\/www.europesays.com\/pt\/wp-json\/wp\/v2\/posts\/215105","targetHints":{"allow":["GET"]}}],"collection":[{"href":"https:\/\/www.europesays.com\/pt\/wp-json\/wp\/v2\/posts"}],"about":[{"href":"https:\/\/www.europesays.com\/pt\/wp-json\/wp\/v2\/types\/post"}],"author":[{"embeddable":true,"href":"https:\/\/www.europesays.com\/pt\/wp-json\/wp\/v2\/users\/2"}],"replies":[{"embeddable":true,"href":"https:\/\/www.europesays.com\/pt\/wp-json\/wp\/v2\/comments?post=215105"}],"version-history":[{"count":0,"href":"https:\/\/www.europesays.com\/pt\/wp-json\/wp\/v2\/posts\/215105\/revisions"}],"wp:featuredmedia":[{"embeddable":true,"href":"https:\/\/www.europesays.com\/pt\/wp-json\/wp\/v2\/media\/215106"}],"wp:attachment":[{"href":"https:\/\/www.europesays.com\/pt\/wp-json\/wp\/v2\/media?parent=215105"}],"wp:term":[{"taxonomy":"category","embeddable":true,"href":"https:\/\/www.europesays.com\/pt\/wp-json\/wp\/v2\/categories?post=215105"},{"taxonomy":"post_tag","embeddable":true,"href":"https:\/\/www.europesays.com\/pt\/wp-json\/wp\/v2\/tags?post=215105"}],"curies":[{"name":"wp","href":"https:\/\/api.w.org\/{rel}","templated":true}]}}