{"id":215107,"date":"2026-01-04T23:04:10","date_gmt":"2026-01-04T23:04:10","guid":{"rendered":"https:\/\/www.europesays.com\/pt\/215107\/"},"modified":"2026-01-04T23:04:10","modified_gmt":"2026-01-04T23:04:10","slug":"novo-treinador-do-chelsea-esta-escolhido-e-chega-este-domingo-a-londres","status":"publish","type":"post","link":"https:\/\/www.europesays.com\/pt\/215107\/","title":{"rendered":"Novo treinador do Chelsea est\u00e1 escolhido e chega este domingo a Londres"},"content":{"rendered":"<p>&#8211; Advertisement &#8211;<\/p>\n<p><strong>Liam Rosenior, treinador do Estrasburgo, \u00e9 o principal candidato a assumir o cargo de treinador no Chelsea e chega hoje a Londres.<\/strong><\/p>\n<p>O pr\u00f3ximo treinador do Chelsea j\u00e1 foi escolhido e ser\u00e1 entrevistado nas pr\u00f3ximas 24 horas. Segundo Fabrizio Romano, <a href=\"https:\/\/bolanarede.pt\/etiqueta\/liam-rosenior\/\" target=\"_blank\" rel=\"noreferrer noopener nofollow\">Liam Rosenior <\/a>chega hoje a Londres e deve assumir as novas fun\u00e7\u00f5es durante a pr\u00f3xima semana.<\/p>\n<p>O t\u00e9cnico ingl\u00eas de 41 anos cumpria a sua segunda temporada ao servi\u00e7o do Estrasburgo e ocupa a s\u00e9tima posi\u00e7\u00e3o da Ligue 1, a mesma classifica\u00e7\u00e3o que conseguiu na temporada passada. Antes de ingressar para o futebol franc\u00eas, orientou o Hull City e Derby County.<\/p>\n<p>Ainda sem treinador, o <a href=\"https:\/\/bolanarede.pt\/etiqueta\/chelsea\/\" target=\"_blank\" rel=\"noreferrer noopener nofollow\">Chelsea<\/a> empatou, este domingo, no embate frente ao Manchester City na 20.\u00aa jornada da Premier League. Na pr\u00f3xima quarta-feira, enfrentar\u00e3o o Fulham em Craven Cottage. <\/p>\n","protected":false},"excerpt":{"rendered":"&#8211; Advertisement &#8211; Liam Rosenior, treinador do Estrasburgo, \u00e9 o principal candidato a assumir o cargo de treinador&hellip;\n","protected":false},"author":2,"featured_media":215108,"comment_status":"","ping_status":"","sticky":false,"template":"","format":"standard","meta":{"footnotes":""},"categories":[87],"tags":[260,904,135,10393,41822,32,666,33,134],"class_list":{"0":"post-215107","1":"post","2":"type-post","3":"status-publish","4":"format-standard","5":"has-post-thumbnail","7":"category-desporto","8":"tag-atualidade","9":"tag-chelsea","10":"tag-desporto","11":"tag-estrasburgo","12":"tag-liam-rosenior","13":"tag-portugal","14":"tag-premier-league","15":"tag-pt","16":"tag-sports"},"share_on_mastodon":{"url":"https:\/\/pubeurope.com\/@pt\/115839334002506164","error":""},"_links":{"self":[{"href":"https:\/\/www.europesays.com\/pt\/wp-json\/wp\/v2\/posts\/215107","targetHints":{"allow":["GET"]}}],"collection":[{"href":"https:\/\/www.europesays.com\/pt\/wp-json\/wp\/v2\/posts"}],"about":[{"href":"https:\/\/www.europesays.com\/pt\/wp-json\/wp\/v2\/types\/post"}],"author":[{"embeddable":true,"href":"https:\/\/www.europesays.com\/pt\/wp-json\/wp\/v2\/users\/2"}],"replies":[{"embeddable":true,"href":"https:\/\/www.europesays.com\/pt\/wp-json\/wp\/v2\/comments?post=215107"}],"version-history":[{"count":0,"href":"https:\/\/www.europesays.com\/pt\/wp-json\/wp\/v2\/posts\/215107\/revisions"}],"wp:featuredmedia":[{"embeddable":true,"href":"https:\/\/www.europesays.com\/pt\/wp-json\/wp\/v2\/media\/215108"}],"wp:attachment":[{"href":"https:\/\/www.europesays.com\/pt\/wp-json\/wp\/v2\/media?parent=215107"}],"wp:term":[{"taxonomy":"category","embeddable":true,"href":"https:\/\/www.europesays.com\/pt\/wp-json\/wp\/v2\/categories?post=215107"},{"taxonomy":"post_tag","embeddable":true,"href":"https:\/\/www.europesays.com\/pt\/wp-json\/wp\/v2\/tags?post=215107"}],"curies":[{"name":"wp","href":"https:\/\/api.w.org\/{rel}","templated":true}]}}