{"id":215119,"date":"2026-01-04T23:18:10","date_gmt":"2026-01-04T23:18:10","guid":{"rendered":"https:\/\/www.europesays.com\/pt\/215119\/"},"modified":"2026-01-04T23:18:10","modified_gmt":"2026-01-04T23:18:10","slug":"thiago-silva-aterra-no-porto-e-filma-dragao-quase-22-anos","status":"publish","type":"post","link":"https:\/\/www.europesays.com\/pt\/215119\/","title":{"rendered":"Thiago Silva aterra no Porto e filma Drag\u00e3o: \u00abQuase 22 anos\u00bb"},"content":{"rendered":"<p style=\"margin-bottom:11px\">Thiago Silva anunciou-se aos adeptos do FC Porto nas redes sociais momentos antes de aterrar no aeroporto Francisco S\u00e1 Carneiro. Pelas 18h20 deste domingo, o defesa de 41 anos surgiu na zona VIP, sozinho, com um cachecol azul e branco. Depois de acenar a alguns adeptos, o internacional brasileiro entrou numa carrinha preta, onde era esperado por elementos do FC Porto.<\/p>\n<p>O central \u00e9 o primeiro refor\u00e7o dos drag\u00f5es para o mercado de inverno e regressa ao FC Porto ap\u00f3s 21 anos.<\/p>\n<p style=\"text-align:center\"><img loading=\"lazy\" decoding=\"async\" alt=\"\" height=\"1600\" src=\"https:\/\/www.europesays.com\/pt\/wp-content\/uploads\/2026\/01\/1767568690_403_1000.webp\" width=\"1000\"\/><\/p>\n","protected":false},"excerpt":{"rendered":"Thiago Silva anunciou-se aos adeptos do FC Porto nas redes sociais momentos antes de aterrar no aeroporto Francisco&hellip;\n","protected":false},"author":2,"featured_media":215120,"comment_status":"","ping_status":"","sticky":false,"template":"","format":"standard","meta":{"footnotes":""},"categories":[87],"tags":[726,135,282,36,46,40,41,12644,462,32,33,47,134,39129,35],"class_list":{"0":"post-215119","1":"post","2":"type-post","3":"status-publish","4":"format-standard","5":"has-post-thumbnail","7":"category-desporto","8":"tag-brasil","9":"tag-desporto","10":"tag-fc-porto","11":"tag-liga","12":"tag-maisfutebol","13":"tag-maistransferencias","14":"tag-mercado-de-transferencias","15":"tag-mercado-fc-porto","16":"tag-porto","17":"tag-portugal","18":"tag-pt","19":"tag-pura-paixao","20":"tag-sports","21":"tag-thiago-silva","22":"tag-transferencias"},"share_on_mastodon":{"url":"https:\/\/pubeurope.com\/@pt\/115839389182863720","error":""},"_links":{"self":[{"href":"https:\/\/www.europesays.com\/pt\/wp-json\/wp\/v2\/posts\/215119","targetHints":{"allow":["GET"]}}],"collection":[{"href":"https:\/\/www.europesays.com\/pt\/wp-json\/wp\/v2\/posts"}],"about":[{"href":"https:\/\/www.europesays.com\/pt\/wp-json\/wp\/v2\/types\/post"}],"author":[{"embeddable":true,"href":"https:\/\/www.europesays.com\/pt\/wp-json\/wp\/v2\/users\/2"}],"replies":[{"embeddable":true,"href":"https:\/\/www.europesays.com\/pt\/wp-json\/wp\/v2\/comments?post=215119"}],"version-history":[{"count":0,"href":"https:\/\/www.europesays.com\/pt\/wp-json\/wp\/v2\/posts\/215119\/revisions"}],"wp:featuredmedia":[{"embeddable":true,"href":"https:\/\/www.europesays.com\/pt\/wp-json\/wp\/v2\/media\/215120"}],"wp:attachment":[{"href":"https:\/\/www.europesays.com\/pt\/wp-json\/wp\/v2\/media?parent=215119"}],"wp:term":[{"taxonomy":"category","embeddable":true,"href":"https:\/\/www.europesays.com\/pt\/wp-json\/wp\/v2\/categories?post=215119"},{"taxonomy":"post_tag","embeddable":true,"href":"https:\/\/www.europesays.com\/pt\/wp-json\/wp\/v2\/tags?post=215119"}],"curies":[{"name":"wp","href":"https:\/\/api.w.org\/{rel}","templated":true}]}}