{"id":215131,"date":"2026-01-04T23:26:09","date_gmt":"2026-01-04T23:26:09","guid":{"rendered":"https:\/\/www.europesays.com\/pt\/215131\/"},"modified":"2026-01-04T23:26:09","modified_gmt":"2026-01-04T23:26:09","slug":"com-apoio-de-eduardo-paes-filme-travado-com-antonio-fagundes-finalmente-sera-finalizado","status":"publish","type":"post","link":"https:\/\/www.europesays.com\/pt\/215131\/","title":{"rendered":"Com apoio de Eduardo Paes, filme travado com Antonio Fagundes finalmente ser\u00e1 finalizado"},"content":{"rendered":"<p>Ap\u00f3s quatro anos, Deus Ainda \u00e9 Brasileiro finalmente ser\u00e1 finalizado. O filme, que tem Antonio Fagundes como protagonista, estava travado por falta de dinheiro, mas conseguiu apoios importantes. Primeiro, o do prefeito do Rio de Janeiro, Eduardo Paes (PSD).<\/p>\n<p>continua depois da publicidade<\/p>\n<p>Agora, de acordo com a coluna de Ancelmo Gois no jornal O Globo, o carioca Jorge Moll, da Rede D\u2019Or, entrou com um aporte de R$ 300 mil e o longa ser\u00e1 conclu\u00eddo.<\/p>\n<p>+\u00a0<a href=\"https:\/\/natelinha.uol.com.br\/famosos\/2026\/01\/04\/com-divida-de-iptu-mansao-de-renato-aragao-esta-a-venda-por-valor-milionario-saiba-quanto-236058.php\" rel=\"nofollow noopener\" target=\"_blank\">Com d\u00edvida de IPTU, mans\u00e3o de Renato Arag\u00e3o est\u00e1 a venda por valor milion\u00e1rio; saiba quanto<\/a><\/p>\n<p>+\u00a0<a href=\"https:\/\/natelinha.uol.com.br\/famosos\/2026\/01\/04\/quem-e-danilo-bravo-medico-acusado-de-agressao-por-cariucha-236057.php\" rel=\"nofollow noopener\" target=\"_blank\">Quem \u00e9 Danilo Bravo, m\u00e9dico acusado de agress\u00e3o por Cari\u00facha<\/a><\/p>\n<p>A obra \u00e9 continua\u00e7\u00e3o de Deus \u00e9 brasileiro (2003) e come\u00e7ou a ser produzida em 2022, mas vem sofrendo uma s\u00e9rie de problemas desde ent\u00e3o. Uma delas \u00e9 a morte do diretor Cac\u00e1 Diegues, que faleceu em fevereiro de 2025.<\/p>\n<p>continua depois da publicidade<\/p>\n<p>O filme est\u00e1 nas m\u00e3os da produtora LC Barreto, mas ficou parado na fase de p\u00f3s-produ\u00e7\u00e3o. <a href=\"https:\/\/natelinha.uol.com.br\/natelona\/2025\/12\/07\/filme-com-antonio-fagundes-empaca-por-falta-de-dinheiro-234937.php\" rel=\"nofollow noopener\" target=\"_blank\">A equipe precisava captar recursos para terminar o projeto<\/a> e iniciar a fase de negocia\u00e7\u00e3o para distribuir nos cinemas.<\/p>\n<p>Filme que inspirou novo projeto de Antonio Fagundes foi um sucesso<\/p>\n<p>O primeiro longa, de 2003, arrecadou quase R$ 11 milh\u00f5es no cinema e foi visto por quase 2 milh\u00f5es de pessoas. A ideia da continua\u00e7\u00e3o surgiu pouco depois de <a href=\"https:\/\/natelinha.uol.com.br\/famosos\/tudo-sobre\/antonio-fagundes\" rel=\"nofollow noopener\" target=\"_blank\">Antonio Fagundes<\/a> ter deixado a Globo e ficar livre para voltar a atuar no cinema.<\/p>\n<p>Desde ent\u00e3o, as filmagens se desenvolveram, terminaram, mas o filme segue sem data de lan\u00e7amento. A morte de Cac\u00e1 Diegues teria deixado o processo ainda mais lento.<\/p>\n<p>continua depois da publicidade<\/p>\n<p>                                <img decoding=\"async\" loading=\"lazy\" class=\"horizontal\" alt=\"Imagem da thumbnail do v\u00eddeo!\" src=\"https:\/\/www.europesays.com\/pt\/wp-content\/uploads\/2026\/01\/1767569169_576_hqdefault.jpg\"\/><\/p>\n","protected":false},"excerpt":{"rendered":"Ap\u00f3s quatro anos, Deus Ainda \u00e9 Brasileiro finalmente ser\u00e1 finalizado. O filme, que tem Antonio Fagundes como protagonista,&hellip;\n","protected":false},"author":2,"featured_media":215132,"comment_status":"","ping_status":"","sticky":false,"template":"","format":"standard","meta":{"footnotes":""},"categories":[145],"tags":[14885,39294,211,210,114,115,32,33],"class_list":{"0":"post-215131","1":"post","2":"type-post","3":"status-publish","4":"format-standard","5":"has-post-thumbnail","7":"category-celebridades","8":"tag-antonio-fagundes","9":"tag-caca-diegues","10":"tag-celebridades","11":"tag-celebrities","12":"tag-entertainment","13":"tag-entretenimento","14":"tag-portugal","15":"tag-pt"},"share_on_mastodon":{"url":"https:\/\/pubeurope.com\/@pt\/115839420537664727","error":""},"_links":{"self":[{"href":"https:\/\/www.europesays.com\/pt\/wp-json\/wp\/v2\/posts\/215131","targetHints":{"allow":["GET"]}}],"collection":[{"href":"https:\/\/www.europesays.com\/pt\/wp-json\/wp\/v2\/posts"}],"about":[{"href":"https:\/\/www.europesays.com\/pt\/wp-json\/wp\/v2\/types\/post"}],"author":[{"embeddable":true,"href":"https:\/\/www.europesays.com\/pt\/wp-json\/wp\/v2\/users\/2"}],"replies":[{"embeddable":true,"href":"https:\/\/www.europesays.com\/pt\/wp-json\/wp\/v2\/comments?post=215131"}],"version-history":[{"count":0,"href":"https:\/\/www.europesays.com\/pt\/wp-json\/wp\/v2\/posts\/215131\/revisions"}],"wp:featuredmedia":[{"embeddable":true,"href":"https:\/\/www.europesays.com\/pt\/wp-json\/wp\/v2\/media\/215132"}],"wp:attachment":[{"href":"https:\/\/www.europesays.com\/pt\/wp-json\/wp\/v2\/media?parent=215131"}],"wp:term":[{"taxonomy":"category","embeddable":true,"href":"https:\/\/www.europesays.com\/pt\/wp-json\/wp\/v2\/categories?post=215131"},{"taxonomy":"post_tag","embeddable":true,"href":"https:\/\/www.europesays.com\/pt\/wp-json\/wp\/v2\/tags?post=215131"}],"curies":[{"name":"wp","href":"https:\/\/api.w.org\/{rel}","templated":true}]}}