{"id":215133,"date":"2026-01-04T23:32:09","date_gmt":"2026-01-04T23:32:09","guid":{"rendered":"https:\/\/www.europesays.com\/pt\/215133\/"},"modified":"2026-01-04T23:32:09","modified_gmt":"2026-01-04T23:32:09","slug":"thiago-silva-ja-aterrou-no-porto","status":"publish","type":"post","link":"https:\/\/www.europesays.com\/pt\/215133\/","title":{"rendered":"Thiago Silva j\u00e1 aterrou no Porto"},"content":{"rendered":"<p data-remotead-prev-elm=\"true\" data-remotead-elm-id=\"inread\">O experiente defesa-central brasileiro refor\u00e7a os drag\u00f5es at\u00e9 ao final da presente temporada, sendo que o acordo entre as partes tamb\u00e9m contempla a op\u00e7\u00e3o por mais uma \u00e9poca. Antes de aterrar, filmou a cidade Invicta vista dos c\u00e9us. &#8220;Quase 22 anos&#8221;, escreveu o refor\u00e7o portista na legenda das imagens que partilhou no Instagram, recordando a passagem pelo F. C. Porto no in\u00edcio da carreira.<\/p>\n<p>O primeiro refor\u00e7o de inverno dos azuis e brancos deve treinar \u00e0s ordens de Francesco Farioli na pr\u00f3xima ter\u00e7a-feira.<\/p>\n","protected":false},"excerpt":{"rendered":"O experiente defesa-central brasileiro refor\u00e7a os drag\u00f5es at\u00e9 ao final da presente temporada, sendo que o acordo entre&hellip;\n","protected":false},"author":2,"featured_media":215134,"comment_status":"","ping_status":"","sticky":false,"template":"","format":"standard","meta":{"footnotes":""},"categories":[87],"tags":[135,20558,524,32,33,134,39129],"class_list":{"0":"post-215133","1":"post","2":"type-post","3":"status-publish","4":"format-standard","5":"has-post-thumbnail","7":"category-desporto","8":"tag-desporto","9":"tag-f-c-porto","10":"tag-futebol","11":"tag-portugal","12":"tag-pt","13":"tag-sports","14":"tag-thiago-silva"},"share_on_mastodon":{"url":"https:\/\/pubeurope.com\/@pt\/115839444123852111","error":""},"_links":{"self":[{"href":"https:\/\/www.europesays.com\/pt\/wp-json\/wp\/v2\/posts\/215133","targetHints":{"allow":["GET"]}}],"collection":[{"href":"https:\/\/www.europesays.com\/pt\/wp-json\/wp\/v2\/posts"}],"about":[{"href":"https:\/\/www.europesays.com\/pt\/wp-json\/wp\/v2\/types\/post"}],"author":[{"embeddable":true,"href":"https:\/\/www.europesays.com\/pt\/wp-json\/wp\/v2\/users\/2"}],"replies":[{"embeddable":true,"href":"https:\/\/www.europesays.com\/pt\/wp-json\/wp\/v2\/comments?post=215133"}],"version-history":[{"count":0,"href":"https:\/\/www.europesays.com\/pt\/wp-json\/wp\/v2\/posts\/215133\/revisions"}],"wp:featuredmedia":[{"embeddable":true,"href":"https:\/\/www.europesays.com\/pt\/wp-json\/wp\/v2\/media\/215134"}],"wp:attachment":[{"href":"https:\/\/www.europesays.com\/pt\/wp-json\/wp\/v2\/media?parent=215133"}],"wp:term":[{"taxonomy":"category","embeddable":true,"href":"https:\/\/www.europesays.com\/pt\/wp-json\/wp\/v2\/categories?post=215133"},{"taxonomy":"post_tag","embeddable":true,"href":"https:\/\/www.europesays.com\/pt\/wp-json\/wp\/v2\/tags?post=215133"}],"curies":[{"name":"wp","href":"https:\/\/api.w.org\/{rel}","templated":true}]}}