{"id":215140,"date":"2026-01-04T23:38:14","date_gmt":"2026-01-04T23:38:14","guid":{"rendered":"https:\/\/www.europesays.com\/pt\/215140\/"},"modified":"2026-01-04T23:38:14","modified_gmt":"2026-01-04T23:38:14","slug":"eua-tem-mais-interesse-no-petroleo-que-na-democracia-observador","status":"publish","type":"post","link":"https:\/\/www.europesays.com\/pt\/215140\/","title":{"rendered":"EUA t\u00eam mais interesse no petr\u00f3leo que na democracia \u2013 Observador"},"content":{"rendered":"<p>O candidato presidencial Lu\u00eds Marques Mendes considerou este domingo que houve \u201cuma viola\u00e7\u00e3o do direito internacional\u201d dos Estados Unidos da Am\u00e9rica face \u00e0 Venezuela e <strong>acusou Donald Trump de parecer \u201cmais interessado no petr\u00f3leo do que na democracia<\/strong>\u201c.<\/p>\n<p>\u201cQue h\u00e1 uma viola\u00e7\u00e3o do direito internacional \u2013 j\u00e1 ontem eu disse de manh\u00e3 \u2013\u00a0n\u00e3o oferece nenhuma d\u00favida, n\u00e3o vale a pena estarmos a ser hip\u00f3critas.\u00a0H\u00e1 uma viola\u00e7\u00e3o do direito internacional? Com certeza que h\u00e1\u201d, afirmou.<\/p>\n<p>O candidato considerou que \u201cnos \u00faltimos anos, no mundo, s\u00f3 h\u00e1 viola\u00e7\u00f5es do direito internacional\u201d, porque \u201cas Na\u00e7\u00f5es Unidas n\u00e3o funcionam\u201d.<\/p>\n<p>Lu\u00eds Marques Mendes afirmou que \u201caquele golpe j\u00e1 se deu\u201d e \u201cj\u00e1 n\u00e3o se pode revogar o que acontecer\u201d, e agora a quest\u00e3o \u201c\u00e9 sobretudo o futuro\u201d.<\/p>\n<p>\u201cO golpe j\u00e1 se deu,\u00a0independentemente de se concordar ou n\u00e3o concordar com ele\u201d, sustentou, considerando que agora t\u00eam de ser \u201cos venezuelanos a decidir o seu futuro\u201d e \u201c<strong>n\u00e3o podem ser os Estados Unidos a substituir-se \u00e0 soberania da Venezuela<\/strong>\u201c.<\/p>\n<p>\u201cJ\u00e1 que cai um ditador, e esta \u00e9 a grande not\u00edcia\u00a0no meio disto tudo, um ditador dos piores que o mundo teve, agora, ent\u00e3o, que se concretize um processo democr\u00e1tico\u201d, defendeu, indicando ser necess\u00e1rio \u201cdiminuir o grau de incerteza\u201d,\u00a0dar \u201caos venezuelanos a palavra\u00a0e substituir\u00a0um ditador por um regime democr\u00e1tico\u201d.<\/p>\n<p>Marques Mendes disse tamb\u00e9m ter ficado \u201cum pouco dececionado com o Presidente dos Estados Unidos,\u00a0que <strong>parecia que estava mais interessado no petr\u00f3leo do que na democraci<\/strong>a\u201d, criticou.<\/p>\n<p>\u201cEu estou mais interessado na democracia do que no petr\u00f3leo\u201d, salientou.<\/p>\n<p>O candidato presidencial voltou a pedir tamb\u00e9m que seja acautelada a seguran\u00e7a dos portugueses na Venezuela.<\/p>\n<p>O candidato a Presidente da Rep\u00fablica falava aos jornalistas nas Caldas da Rainha, distrito de Leiria, no arranque de uma iniciativa de contacto com a popula\u00e7\u00e3o neste que \u00e9 o primeiro dia do per\u00edodo oficial da campanha para as elei\u00e7\u00f5es presidenciais do pr\u00f3ximo dia 18.<\/p>\n<p>Lu\u00eds Marques Mendes afirmou tamb\u00e9m que \u201ca China, a R\u00fassia, ou o Ir\u00e3o condenarem o que aconteceu, n\u00e3o \u00e9 not\u00edcia, n\u00e3o tem surpresa\u201d, uma vez que \u201ceram os grandes aliados do ditador que acabou de cair\u201d.<\/p>\n<p>Questionado sobre a posi\u00e7\u00e3o da Uni\u00e3o Europeia, Mendes assinalou que \u201cn\u00e3o esteve a aplaudir aquilo que aconteceu\u201d.<\/p>\n<p>\u201cMas \u00e9 tamb\u00e9m por causa da R\u00fassia que eu assumo com toda esta clareza, h\u00e1 uma viola\u00e7\u00e3o do direito internacional\u201d, acrescentou.<\/p>\n<p>Sobre o l\u00edder venezuelano, Nicol\u00e1s Maduro, ser julgado em solo americano, Mendes assinalou que \u201cj\u00e1 n\u00e3o \u00e9 a primeira vez que acontece, j\u00e1 aconteceu com o general Noriega [do Panam\u00e1] h\u00e1 muitos anos\u201d.<\/p>\n<p>Os EUA lan\u00e7aram \u201cum ataque em grande escala contra a Venezuela\u201d, para capturar e julgar o l\u00edder venezuelano, Nicol\u00e1s Maduro, e a mulher, e anunciaram que v\u00e3o governar o pa\u00eds at\u00e9 se concluir uma transi\u00e7\u00e3o de poder.<\/p>\n","protected":false},"excerpt":{"rendered":"O candidato presidencial Lu\u00eds Marques Mendes considerou este domingo que houve \u201cuma viola\u00e7\u00e3o do direito internacional\u201d dos Estados&hellip;\n","protected":false},"author":2,"featured_media":215141,"comment_status":"","ping_status":"","sticky":false,"template":"","format":"standard","meta":{"footnotes":""},"categories":[10],"tags":[27,28,1077,15,16,14,25,26,7604,21,22,62,12,13,19,20,57,302,32,1076,23,24,33,58,17,18,29,30,31,3023],"class_list":{"0":"post-215140","1":"post","2":"type-post","3":"status-publish","4":"format-standard","5":"has-post-thumbnail","7":"category-portugal","8":"tag-breaking-news","9":"tag-breakingnews","10":"tag-eleiu00e7u00f5es","11":"tag-featured-news","12":"tag-featurednews","13":"tag-headlines","14":"tag-latest-news","15":"tag-latestnews","16":"tag-luu00eds-marques-mendes","17":"tag-main-news","18":"tag-mainnews","19":"tag-mundo","20":"tag-news","21":"tag-noticias","22":"tag-noticias-principais","23":"tag-noticiasprincipais","24":"tag-pau00eds","25":"tag-polu00edtica","26":"tag-portugal","27":"tag-presidenciais-2026","28":"tag-principais-noticias","29":"tag-principaisnoticias","30":"tag-pt","31":"tag-sociedade","32":"tag-top-stories","33":"tag-topstories","34":"tag-ultimas","35":"tag-ultimas-noticias","36":"tag-ultimasnoticias","37":"tag-venezuela"},"share_on_mastodon":{"url":"https:\/\/pubeurope.com\/@pt\/115839467634805750","error":""},"_links":{"self":[{"href":"https:\/\/www.europesays.com\/pt\/wp-json\/wp\/v2\/posts\/215140","targetHints":{"allow":["GET"]}}],"collection":[{"href":"https:\/\/www.europesays.com\/pt\/wp-json\/wp\/v2\/posts"}],"about":[{"href":"https:\/\/www.europesays.com\/pt\/wp-json\/wp\/v2\/types\/post"}],"author":[{"embeddable":true,"href":"https:\/\/www.europesays.com\/pt\/wp-json\/wp\/v2\/users\/2"}],"replies":[{"embeddable":true,"href":"https:\/\/www.europesays.com\/pt\/wp-json\/wp\/v2\/comments?post=215140"}],"version-history":[{"count":0,"href":"https:\/\/www.europesays.com\/pt\/wp-json\/wp\/v2\/posts\/215140\/revisions"}],"wp:featuredmedia":[{"embeddable":true,"href":"https:\/\/www.europesays.com\/pt\/wp-json\/wp\/v2\/media\/215141"}],"wp:attachment":[{"href":"https:\/\/www.europesays.com\/pt\/wp-json\/wp\/v2\/media?parent=215140"}],"wp:term":[{"taxonomy":"category","embeddable":true,"href":"https:\/\/www.europesays.com\/pt\/wp-json\/wp\/v2\/categories?post=215140"},{"taxonomy":"post_tag","embeddable":true,"href":"https:\/\/www.europesays.com\/pt\/wp-json\/wp\/v2\/tags?post=215140"}],"curies":[{"name":"wp","href":"https:\/\/api.w.org\/{rel}","templated":true}]}}