{"id":215144,"date":"2026-01-04T23:40:15","date_gmt":"2026-01-04T23:40:15","guid":{"rendered":"https:\/\/www.europesays.com\/pt\/215144\/"},"modified":"2026-01-04T23:40:15","modified_gmt":"2026-01-04T23:40:15","slug":"rafael-cardoso-posa-com-os-filhos-apos-polemica-e-desabafa","status":"publish","type":"post","link":"https:\/\/www.europesays.com\/pt\/215144\/","title":{"rendered":"Rafael Cardoso posa com os filhos ap\u00f3s pol\u00eamica e desabafa"},"content":{"rendered":"<p class=\"bullet mt-0\" data-v-232111b4=\"\">Rafael Cardoso, 40, compartilhou uma sequ\u00eancia de fotos em que aparecem os tr\u00eas filhos, Aurora, 10, Valentim, 7, e Helena, 2.<\/p>\n<p>O que aconteceu<\/p>\n<p class=\"bullet\" data-v-232111b4=\"\"><strong>Ator foi impedido de ver os filhos por dois anos.<\/strong> Ele enfrentou uma acusa\u00e7\u00e3o de viol\u00eancia patrimonial e psicol\u00f3gica feita pela ex-sogra, a jornalista S\u00f4nia Bridi. Por\u00e9m, s\u00f3 passou a encontrar Aurora e Valentim em outubro de 2025, ap\u00f3s decis\u00e3o judicial. As informa\u00e7\u00f5es foram divulgadas pelo jornal Extra.<\/p>\n<p class=\"bullet\" data-v-232111b4=\"\"><strong>Rafael aproveitou para compartilhar um longo desabafo.<\/strong> &#8220;In\u00edcio de ano n\u00e3o \u00e9 sobre promessas. \u00c9 sobre presen\u00e7a. Depois de tudo o que foi atravessado, estar aqui \u2014 com a Aurora, o Valentim, a Helena e a Carol \u2014 n\u00e3o \u00e9 um detalhe da vida. \u00c9 a vida no seu estado mais l\u00facido&#8221;, escreveu no in\u00edcio da postagem.<\/p>\n","protected":false},"excerpt":{"rendered":"Rafael Cardoso, 40, compartilhou uma sequ\u00eancia de fotos em que aparecem os tr\u00eas filhos, Aurora, 10, Valentim, 7,&hellip;\n","protected":false},"author":2,"featured_media":215145,"comment_status":"","ping_status":"","sticky":false,"template":"","format":"standard","meta":{"footnotes":""},"categories":[145],"tags":[211,210,114,115,32,33],"class_list":{"0":"post-215144","1":"post","2":"type-post","3":"status-publish","4":"format-standard","5":"has-post-thumbnail","7":"category-celebridades","8":"tag-celebridades","9":"tag-celebrities","10":"tag-entertainment","11":"tag-entretenimento","12":"tag-portugal","13":"tag-pt"},"share_on_mastodon":{"url":"https:\/\/pubeurope.com\/@pt\/115839475517810949","error":""},"_links":{"self":[{"href":"https:\/\/www.europesays.com\/pt\/wp-json\/wp\/v2\/posts\/215144","targetHints":{"allow":["GET"]}}],"collection":[{"href":"https:\/\/www.europesays.com\/pt\/wp-json\/wp\/v2\/posts"}],"about":[{"href":"https:\/\/www.europesays.com\/pt\/wp-json\/wp\/v2\/types\/post"}],"author":[{"embeddable":true,"href":"https:\/\/www.europesays.com\/pt\/wp-json\/wp\/v2\/users\/2"}],"replies":[{"embeddable":true,"href":"https:\/\/www.europesays.com\/pt\/wp-json\/wp\/v2\/comments?post=215144"}],"version-history":[{"count":0,"href":"https:\/\/www.europesays.com\/pt\/wp-json\/wp\/v2\/posts\/215144\/revisions"}],"wp:featuredmedia":[{"embeddable":true,"href":"https:\/\/www.europesays.com\/pt\/wp-json\/wp\/v2\/media\/215145"}],"wp:attachment":[{"href":"https:\/\/www.europesays.com\/pt\/wp-json\/wp\/v2\/media?parent=215144"}],"wp:term":[{"taxonomy":"category","embeddable":true,"href":"https:\/\/www.europesays.com\/pt\/wp-json\/wp\/v2\/categories?post=215144"},{"taxonomy":"post_tag","embeddable":true,"href":"https:\/\/www.europesays.com\/pt\/wp-json\/wp\/v2\/tags?post=215144"}],"curies":[{"name":"wp","href":"https:\/\/api.w.org\/{rel}","templated":true}]}}