{"id":215146,"date":"2026-01-04T23:43:07","date_gmt":"2026-01-04T23:43:07","guid":{"rendered":"https:\/\/www.europesays.com\/pt\/215146\/"},"modified":"2026-01-04T23:43:07","modified_gmt":"2026-01-04T23:43:07","slug":"ex-concorrente-faz-reparo-sobre-o-look-de-maria-botelho-moniz-e-o-comentario-gera-reacoes-primeira-companhia","status":"publish","type":"post","link":"https:\/\/www.europesays.com\/pt\/215146\/","title":{"rendered":"Ex-concorrente faz reparo sobre o look de Maria Botelho Moniz e o coment\u00e1rio gera rea\u00e7\u00f5es &#8211; Primeira Companhia"},"content":{"rendered":"<p style=\"margin-bottom:11px\">Maria Botelho est\u00e1 e destaque na segunda gala da <strong>Primeira Companhia<\/strong>. A apresentadora escolheu um fato de uma cor marcante, que combinou com joias swarovski e sapatos Aldo. O look esta a gerar muitas rea\u00e7\u00f5es positivas.<\/p>\n<p style=\"margin-bottom:11px\"><a href=\"https:\/\/www.instagram.com\/p\/DTGs3DCgJuG\/?hl=pt\" rel=\"nofollow noopener\" target=\"_blank\">Dezenas de internautas est\u00e3o a destacar a eleg\u00e2ncia da apresentadora da TVI.<\/a><strong> J\u00e9ssica Vieira<\/strong>, que ganhou o \u00faltimo reality show apresentado por maria Botelho Moniz, escreveu: \u00ab\u00c9s maravilhosa\u00bb. Este coment\u00e1rio est\u00e1 a receber muitos \u2018gostos\u2019.<\/p>\n<p style=\"margin-bottom:11px\">\u00a0<\/p>\n<p>                        <script async src=\"\/\/www.instagram.com\/embed.js\"><\/script><\/p>\n","protected":false},"excerpt":{"rendered":"Maria Botelho est\u00e1 e destaque na segunda gala da Primeira Companhia. A apresentadora escolheu um fato de uma&hellip;\n","protected":false},"author":2,"featured_media":215147,"comment_status":"","ping_status":"","sticky":false,"template":"","format":"standard","meta":{"footnotes":""},"categories":[142],"tags":[32685,6781,41432,41409,328,114,115,980,330,41431,32686,4319,338,32,40325,33,41430,25009,151,162],"class_list":{"0":"post-215146","1":"post","2":"type-post","3":"status-publish","4":"format-standard","5":"has-post-thumbnail","7":"category-tv","8":"tag-1a-companhia","9":"tag-base","10":"tag-bucelas","11":"tag-comandante","12":"tag-concorrentes","13":"tag-entertainment","14":"tag-entretenimento","15":"tag-famosos","16":"tag-gala","17":"tag-instrutores","18":"tag-jose-moutinho","19":"tag-look","20":"tag-maria-botelho-moniz","21":"tag-portugal","22":"tag-primeira-companhia","23":"tag-pt","24":"tag-recruta","25":"tag-recrutas","26":"tag-tv","27":"tag-tvi"},"share_on_mastodon":{"url":"https:\/\/pubeurope.com\/@pt\/115839487315490124","error":""},"_links":{"self":[{"href":"https:\/\/www.europesays.com\/pt\/wp-json\/wp\/v2\/posts\/215146","targetHints":{"allow":["GET"]}}],"collection":[{"href":"https:\/\/www.europesays.com\/pt\/wp-json\/wp\/v2\/posts"}],"about":[{"href":"https:\/\/www.europesays.com\/pt\/wp-json\/wp\/v2\/types\/post"}],"author":[{"embeddable":true,"href":"https:\/\/www.europesays.com\/pt\/wp-json\/wp\/v2\/users\/2"}],"replies":[{"embeddable":true,"href":"https:\/\/www.europesays.com\/pt\/wp-json\/wp\/v2\/comments?post=215146"}],"version-history":[{"count":0,"href":"https:\/\/www.europesays.com\/pt\/wp-json\/wp\/v2\/posts\/215146\/revisions"}],"wp:featuredmedia":[{"embeddable":true,"href":"https:\/\/www.europesays.com\/pt\/wp-json\/wp\/v2\/media\/215147"}],"wp:attachment":[{"href":"https:\/\/www.europesays.com\/pt\/wp-json\/wp\/v2\/media?parent=215146"}],"wp:term":[{"taxonomy":"category","embeddable":true,"href":"https:\/\/www.europesays.com\/pt\/wp-json\/wp\/v2\/categories?post=215146"},{"taxonomy":"post_tag","embeddable":true,"href":"https:\/\/www.europesays.com\/pt\/wp-json\/wp\/v2\/tags?post=215146"}],"curies":[{"name":"wp","href":"https:\/\/api.w.org\/{rel}","templated":true}]}}