{"id":215156,"date":"2026-01-04T23:49:10","date_gmt":"2026-01-04T23:49:10","guid":{"rendered":"https:\/\/www.europesays.com\/pt\/215156\/"},"modified":"2026-01-04T23:49:10","modified_gmt":"2026-01-04T23:49:10","slug":"ces-2026-esperam-se-guerras-de-chips-novos-portateis-robos-de-ia-e-referencia-a-conducao-autonoma","status":"publish","type":"post","link":"https:\/\/www.europesays.com\/pt\/215156\/","title":{"rendered":"CES 2026: esperam-se guerras de chips, novos port\u00e1teis, rob\u00f4s de IA e refer\u00eancia \u00e0 condu\u00e7\u00e3o aut\u00f3noma"},"content":{"rendered":"<p>A maior confer\u00eancia de tecnologia do mundo arranca na ter\u00e7a-feira, em Las Vegas, ap\u00f3s dois dias de pr\u00e9vias para a imprensa, que v\u00e3o definir o tom dos mais recentes aparelhos e rob\u00f4s que podemos esperar ver este ano. <\/p>\n<p>Antigamente conhecida como Consumer Electronics Show, a CES vai trazer mais de 4.500 expositores, incluindo 1.400 start-ups, bem como empresas l\u00edderes como a Meta, Lenovo, Samsung e Nvidia, entre outras, aos Estados Unidos. <\/p>\n<p>No ano passado, o certame levou mais de 140.000 pessoas a v\u00e1rios espa\u00e7os, segundo os n\u00fameros de 2025. O CES do ano passado tamb\u00e9m come\u00e7ou num contexto de incerteza econ\u00f3mica, com as tarifas alfandeg\u00e1rias a dominarem a agenda num novo cen\u00e1rio pol\u00edtico liderado pela Administra\u00e7\u00e3o Trump. <\/p>\n<p>&#8220;Um ano depois, a situa\u00e7\u00e3o continua a parecer fluida. Embora o evento tenha normalmente incidido nos dispositivos ligados, em \u00faltima an\u00e1lise trata-se de como interagimos com eles e do conte\u00fado a que acedemos&#8221;, disse o analista tecnol\u00f3gico Paolo Pescatore.<\/p>\n<p><strong>IA em tudo e guerra dos chips<\/strong><\/p>\n<p>IA vai estar presente em quase tudo, com a ind\u00fastria tecnol\u00f3gica a continuar a desenvolver solu\u00e7\u00f5es que os consumidores queiram realmente comprar.<\/p>\n<p>O CEO da Nvidia, Jensen Huang, sobe ao palco para mostrar as mais recentes solu\u00e7\u00f5es de produtividade da empresa; a CEO da AMD, Lisa Su, far\u00e1 o discurso principal para &#8220;partilhar a sua vis\u00e3o sobre a entrega de futuras solu\u00e7\u00f5es de IA&#8221;.<\/p>\n<p>IA dever\u00e1 tamb\u00e9m marcar outros discursos principais, como o do CEO da Lenovo, Yuanqing Yang.<\/p>\n<p>Prev\u00ea-se uma guerra dos chips, com a Intel j\u00e1 a revelar a pr\u00f3xima plataforma Core Ultra, Panther Lake; entretanto, a Qualcomm anunciou que o pr\u00f3ximo processador Windows on Arm para equipamentos m\u00f3veis ser\u00e1 o Snapdragon Elite X2. <\/p>\n<p><strong>Batalha dos port\u00e1teis<\/strong><\/p>\n<p>Dever\u00e1 desencadear uma vaga de an\u00fancios de port\u00e1teis. A LG j\u00e1 deixou antever <a href=\"https:\/\/www.anrdoezrs.net\/links\/8836598\/type\/dlg\/https:\/\/www.lg.com\/global\/newsroom\/news\/media-entertainment-solution\/lg-electronics-introduces-2026-lg-gram-lineup-elevated-by-aerominum\/\" target=\"_blank\" rel=\"noreferrer nofollow noopener\">port\u00e1teis Gram Pro 2026<\/a>, que, segundo a empresa, incluem o &#8220;port\u00e1til RTX de 17 polegadas mais leve do mundo&#8221;.<\/p>\n<p>&#8220;Se h\u00e1 algo que posso garantir, \u00e9 que a CES 2026 n\u00e3o vai faltar em port\u00e1teis. Isso deve-se sobretudo a uma nova fam\u00edlia de chips da Intel, que promete muito em desempenho, incluindo jogos, e autonomia. Mas veremos qual \u00e9 a realidade&#8221;, disse Tim Danton, diretor editorial da PC Pro e autor de The Computers That Made Britain.<\/p>\n<p>&#8220;Tamb\u00e9m espero muitos novos designs interessantes, incluindo ecr\u00e3s enrol\u00e1veis e, com alguma sorte, dever\u00e3o ser mais repar\u00e1veis do que nunca&#8221;, disse \u00e0 Euronews Next. <\/p>\n<p>Haver\u00e1 tamb\u00e9m dispositivos nas \u00e1reas da sa\u00fade, ve\u00edculos, wearables e jogos.<\/p>\n<p><strong>Rob\u00f4s dom\u00e9sticos<\/strong><\/p>\n<p>Prev\u00ea-se que a Sony Honda Mobility revele uma vers\u00e3o de produ\u00e7\u00e3o do seu Afeela, um ve\u00edculo el\u00e9trico. Tamb\u00e9m s\u00e3o esperadas mais apresenta\u00e7\u00f5es de rob\u00f4s dom\u00e9sticos.<\/p>\n<p>A gigante sul-coreana LG j\u00e1 anunciou que vai apresentar um rob\u00f4 assistente chamado &#8220;CLOiD&#8221;, capaz, ao que tudo indica, de lidar com uma vasta gama de tarefas dom\u00e9sticas dentro de casa.<\/p>\n<p>&#8220;Vamos passar a ter rob\u00f4s humanoides a circular e a fazer tarefas&#8221;, disse Ben Bajarin, CEO e analista principal na Creative Strategies.<\/p>\n<p>&#8220;Esta ideia do que podemos chamar IA f\u00edsica, ou seja, uma IA que j\u00e1 n\u00e3o est\u00e1 s\u00f3 no software do computador, mas se manifesta fisicamente, incluindo no setor autom\u00f3vel. <\/p>\n<p>Portanto, autonomia total, carros aut\u00f3nomos e, novamente, rob\u00f4s humanoides aut\u00f3nomos, creio que v\u00e3o ser \u00e1reas onde vamos ver uma abund\u00e2ncia excessiva disso.&#8221;<\/p>\n<p>Entretanto, a Samsung aposta forte no OLED, uma tecnologia de ecr\u00e3. A empresa sul-coreana diz que vai integrar esta tecnologia em modelos conceito de &#8220;dispositivo edge&#8221; para melhorar a apar\u00eancia dos dispositivos com IA. Um exemplo \u00e9 o AI OLED Bot, um pequeno rob\u00f4 conceptual usado como assistente de ensino numa universidade.<\/p>\n<p>Bajarin acrescentou que os receios recentes de a vaga da IA se transformar numa bolha exagerada diminu\u00edram, para j\u00e1.<\/p>\n<p>&#8220;Inclino-me a ver isto mais como uma expans\u00e3o do que como uma bolha&#8221;, disse<\/p>\n<p>&#8220;Estamos no in\u00edcio de um ciclo de investimento industrial massivo, em que \u00e9 preciso lan\u00e7ar as bases para a computa\u00e7\u00e3o do futuro.&#8221;<\/p>\n","protected":false},"excerpt":{"rendered":"A maior confer\u00eancia de tecnologia do mundo arranca na ter\u00e7a-feira, em Las Vegas, ap\u00f3s dois dias de pr\u00e9vias&hellip;\n","protected":false},"author":2,"featured_media":215157,"comment_status":"","ping_status":"","sticky":false,"template":"","format":"standard","meta":{"footnotes":""},"categories":[84],"tags":[109,107,108,933,32,33,34143,105,103,104,106,110],"class_list":{"0":"post-215156","1":"post","2":"type-post","3":"status-publish","4":"format-standard","5":"has-post-thumbnail","7":"category-ciencia-e-tecnologia","8":"tag-ciencia","9":"tag-ciencia-e-tecnologia","10":"tag-cienciaetecnologia","11":"tag-inteligencia-artificial","12":"tag-portugal","13":"tag-pt","14":"tag-robot","15":"tag-science","16":"tag-science-and-technology","17":"tag-scienceandtechnology","18":"tag-technology","19":"tag-tecnologia"},"share_on_mastodon":{"url":"https:\/\/pubeurope.com\/@pt\/115839510972674427","error":""},"_links":{"self":[{"href":"https:\/\/www.europesays.com\/pt\/wp-json\/wp\/v2\/posts\/215156","targetHints":{"allow":["GET"]}}],"collection":[{"href":"https:\/\/www.europesays.com\/pt\/wp-json\/wp\/v2\/posts"}],"about":[{"href":"https:\/\/www.europesays.com\/pt\/wp-json\/wp\/v2\/types\/post"}],"author":[{"embeddable":true,"href":"https:\/\/www.europesays.com\/pt\/wp-json\/wp\/v2\/users\/2"}],"replies":[{"embeddable":true,"href":"https:\/\/www.europesays.com\/pt\/wp-json\/wp\/v2\/comments?post=215156"}],"version-history":[{"count":0,"href":"https:\/\/www.europesays.com\/pt\/wp-json\/wp\/v2\/posts\/215156\/revisions"}],"wp:featuredmedia":[{"embeddable":true,"href":"https:\/\/www.europesays.com\/pt\/wp-json\/wp\/v2\/media\/215157"}],"wp:attachment":[{"href":"https:\/\/www.europesays.com\/pt\/wp-json\/wp\/v2\/media?parent=215156"}],"wp:term":[{"taxonomy":"category","embeddable":true,"href":"https:\/\/www.europesays.com\/pt\/wp-json\/wp\/v2\/categories?post=215156"},{"taxonomy":"post_tag","embeddable":true,"href":"https:\/\/www.europesays.com\/pt\/wp-json\/wp\/v2\/tags?post=215156"}],"curies":[{"name":"wp","href":"https:\/\/api.w.org\/{rel}","templated":true}]}}