{"id":215160,"date":"2026-01-04T23:52:21","date_gmt":"2026-01-04T23:52:21","guid":{"rendered":"https:\/\/www.europesays.com\/pt\/215160\/"},"modified":"2026-01-04T23:52:21","modified_gmt":"2026-01-04T23:52:21","slug":"homicida-de-cunhado-na-figueira-da-foz-fica-em-prisao-preventiva","status":"publish","type":"post","link":"https:\/\/www.europesays.com\/pt\/215160\/","title":{"rendered":"Homicida de cunhado na Figueira da Foz fica em pris\u00e3o preventiva"},"content":{"rendered":"<p data-remotead-prev-elm=\"true\" data-remotead-elm-id=\"inread\">H\u00e9lio Jacinto foi morto, a golpes de faca, na sua pr\u00f3pria casa. Al\u00e9m do pescador da Praia da Leirosa, estavam presentes o homicida e as respetivas companheiras, para festejar a viragem para 2026. Por volta das 22.30 horas, uma discuss\u00e3o entre os dois homens levou o convidado a pegar numa faca e a atingir outro com dois golpes que causaram a morte a H\u00e9lio Jacinto. O suspeito foi detido na mesma noite.<\/p>\n<p>No dia seguinte, as companheiras do suspeito e da v\u00edtima foram agredidas, quando sa\u00edam da casa sob escolta de seis militares da GNR, por populares que ali se concentraram e as acusavam de serem c\u00famplices do crime.<\/p>\n","protected":false},"excerpt":{"rendered":"H\u00e9lio Jacinto foi morto, a golpes de faca, na sua pr\u00f3pria casa. Al\u00e9m do pescador da Praia da&hellip;\n","protected":false},"author":2,"featured_media":215161,"comment_status":"","ping_status":"","sticky":false,"template":"","format":"standard","meta":{"footnotes":""},"categories":[10],"tags":[27,28,15,16,14,5564,603,25,26,21,22,12,13,19,20,32,23,24,33,17,18,29,30,31],"class_list":{"0":"post-215160","1":"post","2":"type-post","3":"status-publish","4":"format-standard","5":"has-post-thumbnail","7":"category-portugal","8":"tag-breaking-news","9":"tag-breakingnews","10":"tag-featured-news","11":"tag-featurednews","12":"tag-headlines","13":"tag-homicidio","14":"tag-justica","15":"tag-latest-news","16":"tag-latestnews","17":"tag-main-news","18":"tag-mainnews","19":"tag-news","20":"tag-noticias","21":"tag-noticias-principais","22":"tag-noticiasprincipais","23":"tag-portugal","24":"tag-principais-noticias","25":"tag-principaisnoticias","26":"tag-pt","27":"tag-top-stories","28":"tag-topstories","29":"tag-ultimas","30":"tag-ultimas-noticias","31":"tag-ultimasnoticias"},"share_on_mastodon":{"url":"https:\/\/pubeurope.com\/@pt\/115839522823183240","error":""},"_links":{"self":[{"href":"https:\/\/www.europesays.com\/pt\/wp-json\/wp\/v2\/posts\/215160","targetHints":{"allow":["GET"]}}],"collection":[{"href":"https:\/\/www.europesays.com\/pt\/wp-json\/wp\/v2\/posts"}],"about":[{"href":"https:\/\/www.europesays.com\/pt\/wp-json\/wp\/v2\/types\/post"}],"author":[{"embeddable":true,"href":"https:\/\/www.europesays.com\/pt\/wp-json\/wp\/v2\/users\/2"}],"replies":[{"embeddable":true,"href":"https:\/\/www.europesays.com\/pt\/wp-json\/wp\/v2\/comments?post=215160"}],"version-history":[{"count":0,"href":"https:\/\/www.europesays.com\/pt\/wp-json\/wp\/v2\/posts\/215160\/revisions"}],"wp:featuredmedia":[{"embeddable":true,"href":"https:\/\/www.europesays.com\/pt\/wp-json\/wp\/v2\/media\/215161"}],"wp:attachment":[{"href":"https:\/\/www.europesays.com\/pt\/wp-json\/wp\/v2\/media?parent=215160"}],"wp:term":[{"taxonomy":"category","embeddable":true,"href":"https:\/\/www.europesays.com\/pt\/wp-json\/wp\/v2\/categories?post=215160"},{"taxonomy":"post_tag","embeddable":true,"href":"https:\/\/www.europesays.com\/pt\/wp-json\/wp\/v2\/tags?post=215160"}],"curies":[{"name":"wp","href":"https:\/\/api.w.org\/{rel}","templated":true}]}}