{"id":215168,"date":"2026-01-04T23:59:12","date_gmt":"2026-01-04T23:59:12","guid":{"rendered":"https:\/\/www.europesays.com\/pt\/215168\/"},"modified":"2026-01-04T23:59:12","modified_gmt":"2026-01-04T23:59:12","slug":"16-lancamentos-na-netflix-esta-semana-entre-os-dias-05-e-11-de-janeiro-jornada-geek","status":"publish","type":"post","link":"https:\/\/www.europesays.com\/pt\/215168\/","title":{"rendered":"16 lan\u00e7amentos na Netflix esta semana, entre os dias 05 e 11 de janeiro &#8211; Jornada Geek"},"content":{"rendered":"<ol>\n<li><a href=\"https:\/\/news.google.com\/rss\/articles\/CBMif0FVX3lxTE5WY0VoQVdZRTh2aHE1UE9yU3VkRjExMWx3QWZBRG5KZUpCZU81RFdXN3NmVjltZ191UHJ2Q01NYWhwQ2FSb0hrVlRRUWhoNXRPemxZeXNtMlFxWkV2cHlTcUh2NUlfVFhzVUhyT3ZkYVpTRnVGdVU3Sk1hb1MtZm8?oc=5\" target=\"_blank\" rel=\"nofollow noopener\">16 lan\u00e7amentos na Netflix esta semana, entre os dias 05 e 11 de janeiro<\/a>&nbsp;&nbsp;Jornada Geek<\/li>\n<li><a href=\"https:\/\/news.google.com\/rss\/articles\/CBMi0gFBVV95cUxQbHFaNzROOWRqVXlLNU9WaEtZWmkwLURlRkE1QWNhVlJNY29JVlVKODZvWENndXg4T2Z6T0I3b21Ic1NJbFBoN1lMMm9Pd2hMbnVpbWJFakxmRElUeHJnR1RqbTBiNlBiTTFLYUhEaktoT252NEc1TW1BclVLOHhMM0kycmRydDZ0YXR4QzZKRXo5ejdRNGFPZGtvQ0M0QUl2YlJ5bWhDTW1iMXlHXzZvaFRUSzAwaVlCb2dOZnpNTEo1Mmg1YVpmOVBDRkFPdXVnZUHSAdcBQVVfeXFMUDZTcGJRV002a2YtLUxhSFBwMFlnWW5BSUI0SElhbElTcDhqeUx2YUZPRnY1MlNWYVY1Z1AwN3VYalV5NFFWd0tfTXVtLXpBdG1sSVNFTTJyU19DbTUzR1p5QXduVWhsa0xXVWVicElMOE10cVp3d0xoRFFyR0lBaTVIS3kwNHlzTndwbjFTVWFPQnE4Y2NPc1NzRGpFb2hfYkdGTWhHWGkxZS1TVHYzdnVKbEV5cWNINFhSNDktT2tTakxqY01UcFVPZFNlNFZ0bGNySDNaZkk?oc=5\" target=\"_blank\" rel=\"nofollow noopener\">Motivos para ficar no sof\u00e1: confira quais s\u00e3o as s\u00e9ries mais aguardadas de 2026<\/a>&nbsp;&nbsp;UOL<\/li>\n<li><a href=\"https:\/\/news.google.com\/rss\/articles\/CBMirAFBVV95cUxOUUlsR1psbGJSM3pYdVRIUEtfcERsbjg1a1h5WG1sd0lJOEhMT3E1U2ZXeWMwajRYWEtNaFZDTlRsOF9XQ1NEU2Z5aDZTOXBqd3U3S1F4WTVkbWhkejROYnB1VE5uNFlYbzh4eDVHR09RU0d5YkVNdDFqelVlREk0Q3JwUFZyOS11amRVSjJHUklUZ0lkbkZZUmxTQmlqN3dsc1BvX3lIM3BBcFFw?oc=5\" target=\"_blank\" rel=\"nofollow noopener\">5 s\u00e9ries aguardadas que recebem novas temporada em 2026<\/a>&nbsp;&nbsp;Recreio<\/li>\n<li><a href=\"https:\/\/news.google.com\/rss\/articles\/CBMiqgFBVV95cUxQQUJ6N1AwdTNyUlg0VUhwSFNaeC0yVGlGeUE2WVFWaHdwbVluWlJPMWphNHk3XzN6dXdkbnhpT1JhRDk1VWJNUXpxdGZoR1RCYVM3LUxjX1k1V3MzYTByVHIzZGtGZVFqMmo2ampvSWdDZHJnVU9TRDBfLUJUdjQ5OUtsT1VadGdTaHY3LWpCWEQxSUxwV1E5NWRwQmppRC1OeFVuclI1ajJlUQ?oc=5\" target=\"_blank\" rel=\"nofollow noopener\">7 estreias da Netflix mais aguardadas para 2026<\/a>&nbsp;&nbsp;Olhar Digital<\/li>\n<li><a href=\"https:\/\/news.google.com\/rss\/articles\/CBMikwFBVV95cUxOYWpVWmRvTDBvcVhYNkc2WmxzNFJid013U3BpM3NhWWFpbUhyRG8zdVJQekpOM3JpZzliVHlEWUxVTzZVdWdCTjZsaTdnOUdZWFBqYkdwT2dhc0lkc2sybWJWVE5fWFJJOG55aGU3ZWl0NXFySVRDUHU0NENqV0p4aVB5cVdXRk5fVUhxRTcyYXZWM2M?oc=5\" target=\"_blank\" rel=\"nofollow noopener\">10 Grandes S\u00e9ries que Retornam em Novas Temporadas em 2026<\/a>&nbsp;&nbsp;CinePOP Cinema<\/li>\n<\/ol>\n","protected":false},"excerpt":{"rendered":"16 lan\u00e7amentos na Netflix esta semana, entre os dias 05 e 11 de janeiro&nbsp;&nbsp;Jornada Geek Motivos para ficar&hellip;\n","protected":false},"author":2,"featured_media":215169,"comment_status":"","ping_status":"","sticky":false,"template":"","format":"standard","meta":{"footnotes":""},"categories":[140],"tags":[114,115,147,148,146,32,33],"class_list":{"0":"post-215168","1":"post","2":"type-post","3":"status-publish","4":"format-standard","5":"has-post-thumbnail","7":"category-filmes","8":"tag-entertainment","9":"tag-entretenimento","10":"tag-film","11":"tag-filmes","12":"tag-movies","13":"tag-portugal","14":"tag-pt"},"share_on_mastodon":{"url":"https:\/\/pubeurope.com\/@pt\/115839550352367446","error":""},"_links":{"self":[{"href":"https:\/\/www.europesays.com\/pt\/wp-json\/wp\/v2\/posts\/215168","targetHints":{"allow":["GET"]}}],"collection":[{"href":"https:\/\/www.europesays.com\/pt\/wp-json\/wp\/v2\/posts"}],"about":[{"href":"https:\/\/www.europesays.com\/pt\/wp-json\/wp\/v2\/types\/post"}],"author":[{"embeddable":true,"href":"https:\/\/www.europesays.com\/pt\/wp-json\/wp\/v2\/users\/2"}],"replies":[{"embeddable":true,"href":"https:\/\/www.europesays.com\/pt\/wp-json\/wp\/v2\/comments?post=215168"}],"version-history":[{"count":0,"href":"https:\/\/www.europesays.com\/pt\/wp-json\/wp\/v2\/posts\/215168\/revisions"}],"wp:featuredmedia":[{"embeddable":true,"href":"https:\/\/www.europesays.com\/pt\/wp-json\/wp\/v2\/media\/215169"}],"wp:attachment":[{"href":"https:\/\/www.europesays.com\/pt\/wp-json\/wp\/v2\/media?parent=215168"}],"wp:term":[{"taxonomy":"category","embeddable":true,"href":"https:\/\/www.europesays.com\/pt\/wp-json\/wp\/v2\/categories?post=215168"},{"taxonomy":"post_tag","embeddable":true,"href":"https:\/\/www.europesays.com\/pt\/wp-json\/wp\/v2\/tags?post=215168"}],"curies":[{"name":"wp","href":"https:\/\/api.w.org\/{rel}","templated":true}]}}