{"id":215179,"date":"2026-01-05T00:07:30","date_gmt":"2026-01-05T00:07:30","guid":{"rendered":"https:\/\/www.europesays.com\/pt\/215179\/"},"modified":"2026-01-05T00:07:30","modified_gmt":"2026-01-05T00:07:30","slug":"jogo-positivo-lesao-de-moura-e-as-contas-do-campeonato-tudo-o-que-disse-farioli","status":"publish","type":"post","link":"https:\/\/www.europesays.com\/pt\/215179\/","title":{"rendered":"Jogo positivo, les\u00e3o de Moura e as contas do campeonato: tudo o que disse Farioli"},"content":{"rendered":"<p>Francesco Farioli analisou, na sala de imprensa do Est\u00e1dio de S\u00e3o Miguel, a vit\u00f3ria do <a target=\"_blank\" class=\"editor-link autolink-enabled\" href=\"https:\/\/www.abola.pt\/futebol\/fc-porto-451\" data-resource-id=\"451\" data-resource-type=\"team\" data-sport=\"football\" rel=\"nofollow noopener\">FC Porto<\/a> nos A\u00e7ores (1-0), diante do <a target=\"_blank\" class=\"editor-link autolink-enabled\" href=\"https:\/\/www.abola.pt\/futebol\/santa-clara-440\" data-resource-id=\"440\" data-resource-type=\"team\" data-sport=\"football\" rel=\"nofollow noopener\">Santa Clara<\/a>, que permite aos drag\u00f5es aumentar a dist\u00e2ncia (sete pontos) para o <a target=\"_blank\" class=\"editor-link autolink-enabled\" href=\"https:\/\/www.abola.pt\/futebol\/sporting-448\" data-resource-id=\"448\" data-resource-type=\"team\" data-sport=\"football\" rel=\"nofollow noopener\">Sporting<\/a>, no topo da <a target=\"_blank\" class=\"editor-link autolink-enabled\" href=\"https:\/\/www.abola.pt\/futebol\/competicao\/liga-portugal-betclic-13\" data-resource-id=\"13\" data-resource-type=\"competition\" data-sport=\"football\" rel=\"nofollow noopener\">Liga<\/a>.<\/p>\n<p>                            Fechar<\/p>\n<p>                                                    <img decoding=\"async\" class=\"h-full w-full max-w-[1180px] select-none rounded-t object-contain object-center\" src=\"https:\/\/www.europesays.com\/pt\/wp-content\/uploads\/2026\/01\/606a64bb-1e68-46d3-a57f-3e3b580edeb1.jpg\" alt=\"\" x-show=\"imageGalleryOpened &amp;&amp; imageGalleryImageIndex == 1\"\/><\/p>\n<p>                                        \/ 19<\/p>\n<p>                                        Williams Gomes em a\u00e7\u00e3o no Santa Clara-FC Porto. Foto: Catarina Morais\/Kapta+<\/p>\n<p>                                                    <img decoding=\"async\" class=\"h-full w-full max-w-[1180px] select-none rounded-t object-contain object-center\" src=\"https:\/\/www.europesays.com\/pt\/wp-content\/uploads\/2026\/01\/e8ad619b-4d6e-488b-8bf1-30c915d21dfb.jpg\" alt=\"\" x-show=\"imageGalleryOpened &amp;&amp; imageGalleryImageIndex == 2\"\/><\/p>\n<p>                                        \/ 19<\/p>\n<p>                                        Kiwior foi titular no Santa Clara-FC Porto. Foto: Catarina Morais\/Kapta+<\/p>\n<p>                                                    <img decoding=\"async\" class=\"h-full w-full max-w-[1180px] select-none rounded-t object-contain object-center\" src=\"https:\/\/www.europesays.com\/pt\/wp-content\/uploads\/2026\/01\/0e266a9e-c8be-4297-a8c0-a6cb07b5aed7.jpg\" alt=\"\" x-show=\"imageGalleryOpened &amp;&amp; imageGalleryImageIndex == 3\"\/><\/p>\n<p>                                        \/ 19<\/p>\n<p>                                        Farioli interventivo na partida. Foto: Catarina Morais\/Kapta+<\/p>\n<p>                                                    <img decoding=\"async\" class=\"h-full w-full max-w-[1180px] select-none rounded-t object-contain object-center\" src=\"https:\/\/www.europesays.com\/pt\/wp-content\/uploads\/2026\/01\/820e6aa5-2e74-4610-847c-2467a09fb72b.jpg\" alt=\"\" x-show=\"imageGalleryOpened &amp;&amp; imageGalleryImageIndex == 4\"\/><\/p>\n<p>                                        \/ 19<\/p>\n<p>                                        Froholdt disputa a bola com Vin\u00edcius Lopes. Foto: Catarina Morais\/Kapta+<\/p>\n<p>                                                    <img decoding=\"async\" class=\"h-full w-full max-w-[1180px] select-none rounded-t object-contain object-center\" src=\"https:\/\/www.europesays.com\/pt\/wp-content\/uploads\/2026\/01\/fb179a2b-39c3-485a-81a9-c43b16ec6b60.jpg\" alt=\"\" x-show=\"imageGalleryOpened &amp;&amp; imageGalleryImageIndex == 5\"\/><\/p>\n<p>                                        \/ 19<\/p>\n<p>                                        William Gomes voltou a ser titular pelo FC Porto. Foto: Catarina Morais\/Kapta+<\/p>\n<p>                                                    <img decoding=\"async\" class=\"h-full w-full max-w-[1180px] select-none rounded-t object-contain object-center\" src=\"https:\/\/www.europesays.com\/pt\/wp-content\/uploads\/2026\/01\/765c01e2-0b7c-47ff-9253-aa42d91ad021.jpg\" alt=\"\" x-show=\"imageGalleryOpened &amp;&amp; imageGalleryImageIndex == 6\"\/><\/p>\n<p>                                        \/ 19<\/p>\n<p>                                        Lu\u00eds Rocha protesta com o \u00e1rbitro Cl\u00e1udio Pereira. Foto: Catarina Morais\/Kapta+<\/p>\n<p>                                                    <img decoding=\"async\" class=\"h-full w-full max-w-[1180px] select-none rounded-t object-contain object-center\" src=\"https:\/\/www.europesays.com\/pt\/wp-content\/uploads\/2026\/01\/686b0b0c-2029-47a4-acc2-53d85ca115f5.jpg\" alt=\"\" x-show=\"imageGalleryOpened &amp;&amp; imageGalleryImageIndex == 7\"\/><\/p>\n<p>                                        \/ 19<\/p>\n<p>                                        William Gomes em a\u00e7\u00e3o. Foto: Catarina Morais\/Kapta+<\/p>\n<p>                                                    <img decoding=\"async\" class=\"h-full w-full max-w-[1180px] select-none rounded-t object-contain object-center\" src=\"https:\/\/www.europesays.com\/pt\/wp-content\/uploads\/2026\/01\/eec18a53-8733-4256-903b-3260b2726abf.jpg\" alt=\"\" x-show=\"imageGalleryOpened &amp;&amp; imageGalleryImageIndex == 8\"\/><\/p>\n<p>                                        \/ 19<\/p>\n<p>                                        P\u00eape atuou de in\u00edcio. Foto: Catarina Morais\/Kapta+<\/p>\n<p>                                                    <img decoding=\"async\" class=\"h-full w-full max-w-[1180px] select-none rounded-t object-contain object-center\" src=\"https:\/\/www.europesays.com\/pt\/wp-content\/uploads\/2026\/01\/7619982f-4dce-41ac-b936-84e5392a1e59.jpg\" alt=\"\" x-show=\"imageGalleryOpened &amp;&amp; imageGalleryImageIndex == 9\"\/><\/p>\n<p>                                        \/ 19<\/p>\n<p>                                        Vin\u00edcius Lopes, jogador do Santa Clara. Foto: Catarina Morais\/Kapta+<\/p>\n<p>                                                    <img decoding=\"async\" class=\"h-full w-full max-w-[1180px] select-none rounded-t object-contain object-center\" src=\"https:\/\/www.europesays.com\/pt\/wp-content\/uploads\/2026\/01\/5ad9cf60-48fb-4734-a3a2-19853b25c26c.jpg\" alt=\"\" x-show=\"imageGalleryOpened &amp;&amp; imageGalleryImageIndex == 10\"\/><\/p>\n<p>                                        \/ 19<\/p>\n<p>                                        Farioli atento \u00e0 partida. Foto: Catarina Morais\/Kapta+<\/p>\n<p>                                                    <img decoding=\"async\" class=\"h-full w-full max-w-[1180px] select-none rounded-t object-contain object-center\" src=\"https:\/\/www.europesays.com\/pt\/wp-content\/uploads\/2026\/01\/b4aa5da8-0fa2-44de-b3c0-1a5617e4159c.jpg\" alt=\"\" x-show=\"imageGalleryOpened &amp;&amp; imageGalleryImageIndex == 11\"\/><\/p>\n<p>                                        \/ 19<\/p>\n<p>                                        Foto: Catarina Morais\/Kapta+<\/p>\n<p>                                                    <img decoding=\"async\" class=\"h-full w-full max-w-[1180px] select-none rounded-t object-contain object-center\" src=\"https:\/\/www.europesays.com\/pt\/wp-content\/uploads\/2026\/01\/25db1cf1-8820-4f29-a76e-ae1ee9ebc97b.jpg\" alt=\"\" x-show=\"imageGalleryOpened &amp;&amp; imageGalleryImageIndex == 12\"\/><\/p>\n<p>                                        \/ 19<\/p>\n<p>                                        Bednarek voltou a atuar no centro da defesa. Foto: Catarina Morais\/Kapta+<\/p>\n<p>                                                    <img decoding=\"async\" class=\"h-full w-full max-w-[1180px] select-none rounded-t object-contain object-center\" src=\"https:\/\/www.europesays.com\/pt\/wp-content\/uploads\/2026\/01\/2dd0c5d7-ff0a-4b4a-a8b9-81d9924f46c2.jpg\" alt=\"\" x-show=\"imageGalleryOpened &amp;&amp; imageGalleryImageIndex == 13\"\/><\/p>\n<p>                                        \/ 19<\/p>\n<p>                                        Samu a festejar o golo marcado aos 49 minutos. Foto: Catarina Morais\/Kapta+<\/p>\n<p>                                                    <img decoding=\"async\" class=\"h-full w-full max-w-[1180px] select-none rounded-t object-contain object-center\" src=\"https:\/\/www.europesays.com\/pt\/wp-content\/uploads\/2026\/01\/5545cdfc-298c-4f6d-abfc-7948724359a0.jpg\" alt=\"\" x-show=\"imageGalleryOpened &amp;&amp; imageGalleryImageIndex == 14\"\/><\/p>\n<p>                                        \/ 19<\/p>\n<p>                                        Vasco Matos, treinador do Santa Clara. Foto: Catarina Morais\/Kapta+<\/p>\n<p>                                                    <img decoding=\"async\" class=\"h-full w-full max-w-[1180px] select-none rounded-t object-contain object-center\" src=\"https:\/\/www.europesays.com\/pt\/wp-content\/uploads\/2026\/01\/758c3a0a-7050-46ec-bf3e-abb3784b15b6.jpg\" alt=\"\" x-show=\"imageGalleryOpened &amp;&amp; imageGalleryImageIndex == 15\"\/><\/p>\n<p>                                        \/ 19<\/p>\n<p>                                        Pablo Rosario viu amarelo e falha o pr\u00f3ximo jogo. Foto: Catarina Morais\/Kapta+<\/p>\n<p>                                                    <img decoding=\"async\" class=\"h-full w-full max-w-[1180px] select-none rounded-t object-contain object-center\" src=\"https:\/\/www.europesays.com\/pt\/wp-content\/uploads\/2026\/01\/0b5dc49d-09c8-47d8-ae1c-18e8c0da4ceb.jpg\" alt=\"\" x-show=\"imageGalleryOpened &amp;&amp; imageGalleryImageIndex == 16\"\/><\/p>\n<p>                                        \/ 19<\/p>\n<p>                                        Samu e Sidney Lima em disputa. Foto: Catarina Morais\/Kapta+<\/p>\n<p>                                                    <img decoding=\"async\" class=\"h-full w-full max-w-[1180px] select-none rounded-t object-contain object-center\" src=\"https:\/\/www.europesays.com\/pt\/wp-content\/uploads\/2026\/01\/02c84da6-cc05-415b-b304-5b1900aad94e.jpg\" alt=\"\" x-show=\"imageGalleryOpened &amp;&amp; imageGalleryImageIndex == 17\"\/><\/p>\n<p>                                        \/ 19<\/p>\n<p>                                        Equipa do FC Porto antes do encontro frente ao Santa Clara. Foto: Catarina Morais\/Kapta+<\/p>\n<p>                                                    <img decoding=\"async\" class=\"h-full w-full max-w-[1180px] select-none rounded-t object-contain object-center\" src=\"https:\/\/www.europesays.com\/pt\/wp-content\/uploads\/2026\/01\/5038816f-4151-4abc-b48c-4d46423b195d.jpg\" alt=\"\" x-show=\"imageGalleryOpened &amp;&amp; imageGalleryImageIndex == 18\"\/><\/p>\n<p>                                        \/ 19<\/p>\n<p>                                        Samu e Lu\u00eds Rocha disputam o lance. Foto: Catarina Morais\/Kapta+<\/p>\n<p>                                                    <img decoding=\"async\" class=\"h-full w-full max-w-[1180px] select-none rounded-t object-contain object-center\" src=\"https:\/\/www.europesays.com\/pt\/wp-content\/uploads\/2026\/01\/c27882c0-b1a8-4f18-b98b-82c4d897d71f.jpg\" alt=\"\" x-show=\"imageGalleryOpened &amp;&amp; imageGalleryImageIndex == 19\"\/><\/p>\n<p>                                        \/ 19<\/p>\n<p>                                        Farioli, treinador do FC Porto. Foto: Catarina Morais\/Kapta+<\/p>\n<p>            Galeria de imagens<\/p>\n<p>            19 Fotos<\/p>\n<p>\u00abN\u00e3o foi a nossa melhor exibi\u00e7\u00e3o, mas foi um jogo positivo. Tivemos as nossas oportunidades e tent\u00e1mos jogar, apesar de o relvado ser muito complicado. Era dif\u00edcil ter uma boa circula\u00e7\u00e3o de bola. Marc\u00e1mos um golo que foi um momento azarado do guarda-redes, mas temos de estar l\u00e1 para ter estas oportunidades. Tivemos outras oportunidades que n\u00e3o transform\u00e1mos em golo. Feliz por muitas coisas, \u00e0 parte da les\u00e3o do <a class=\"autolink-enabled\" data-resource-id=\"189404\" data-resource-type=\"player\" data-sport=\"football\" href=\"https:\/\/www.abola.pt\/futebol\/jogador\/francisco-moura-189404\" rel=\"nofollow noopener\" target=\"_blank\">Francisco [Moura]<\/a>, que ainda tem de ser avaliada nos pr\u00f3ximos dias. N\u00e3o sabemos o que foi, ele n\u00e3o deixou o campo com uma sensa\u00e7\u00e3o particularmente m\u00e1, mas agora estava com mais dores.\u00bb<\/p>\n<p>\u00abOs n\u00fameros s\u00e3o bons, numa maratona quando estamos no quil\u00f3metro 20 ainda faltam mais de vinte para acabar. \u00c9 uma grande jornada, o que fizemos at\u00e9 agora foi muito bom. S\u00e3o n\u00fameros impressionantes, concordo. Mas a realidade \u00e9 que a nossa mentalidade n\u00e3o pode e n\u00e3o vai mudar. Vamos usar da melhor maneira poss\u00edvel a pr\u00f3xima semana para trabalhar, para melhorar, para recuperar fisicamente e integrar o <a class=\"autolink-enabled\" data-resource-id=\"5796\" data-resource-type=\"player\" data-sport=\"football\" href=\"https:\/\/www.abola.pt\/futebol\/jogador\/thiago-silva-5796\" rel=\"nofollow noopener\" target=\"_blank\">Thiago Silva<\/a>. Temos dias cheios pela frente e pouco tempo para celebrar estes n\u00fameros.\u00bb<\/p>\n<p>\u00abO golo veio de uma forma muito particular, mas na primeira parte tivemos bons momentos e oportunidades. Talvez tenhamos transformado em golo a a\u00e7\u00e3o que merecemos menos marcar. Faz parte do futebol. No final, \u00e9 importante estar l\u00e1 e o Samu reagiu bem. Numa \u00e9poca longa, temos de capitalizar todos os momensots. Foi uma exibi\u00e7\u00e3o forte contra uma boa equipa, num campo complicado. \u00c9 a 13.\u00aa clean sheet da temporada, \u00e9 fant\u00e1stico e diz muito sobre a fome dos jogadores. Hoje par\u00e1mos muitos remates e cruzamentos perto do fim com a atitude certa. O Samu ajudou a equipa at\u00e9 ao fim como um le\u00e3o.\u00bb<\/p>\n<p>\u00abRepito a met\u00e1fora da maratona. \u00c9 longa, n\u00e3po devemos ficar entusiasmados com nada, temos de trabalhar para abordar os jogos como se estiv\u00e9ssemos 15 pontos atr\u00e1s. Para nos desafiarmos e manter o ritmo. Vamos ter um ciclo de jogos em janeiro em que todos os jogos v\u00e3o contar. N\u00e3o h\u00e1 nada em que possamos relaxar. Vamos para o Algarve na ter\u00e7a-feira, ficamos l\u00e1 a trabalhar. Queremos sentir o prazer de sofrer e suar juntos. \u00c9 a nossa forma de ser. Nada nos vai mover do noss trabalho.\u00bb<\/p>\n","protected":false},"excerpt":{"rendered":"Francesco Farioli analisou, na sala de imprensa do Est\u00e1dio de S\u00e3o Miguel, a vit\u00f3ria do FC Porto nos&hellip;\n","protected":false},"author":2,"featured_media":215180,"comment_status":"","ping_status":"","sticky":false,"template":"","format":"standard","meta":{"footnotes":""},"categories":[8],"tags":[27,28,15,16,14,25,26,21,22,12,13,19,20,32,23,24,33,17,18,29,30,31],"class_list":{"0":"post-215179","1":"post","2":"type-post","3":"status-publish","4":"format-standard","5":"has-post-thumbnail","7":"category-principais-noticias","8":"tag-breaking-news","9":"tag-breakingnews","10":"tag-featured-news","11":"tag-featurednews","12":"tag-headlines","13":"tag-latest-news","14":"tag-latestnews","15":"tag-main-news","16":"tag-mainnews","17":"tag-news","18":"tag-noticias","19":"tag-noticias-principais","20":"tag-noticiasprincipais","21":"tag-portugal","22":"tag-principais-noticias","23":"tag-principaisnoticias","24":"tag-pt","25":"tag-top-stories","26":"tag-topstories","27":"tag-ultimas","28":"tag-ultimas-noticias","29":"tag-ultimasnoticias"},"share_on_mastodon":{"url":"https:\/\/pubeurope.com\/@pt\/115839582108659851","error":""},"_links":{"self":[{"href":"https:\/\/www.europesays.com\/pt\/wp-json\/wp\/v2\/posts\/215179","targetHints":{"allow":["GET"]}}],"collection":[{"href":"https:\/\/www.europesays.com\/pt\/wp-json\/wp\/v2\/posts"}],"about":[{"href":"https:\/\/www.europesays.com\/pt\/wp-json\/wp\/v2\/types\/post"}],"author":[{"embeddable":true,"href":"https:\/\/www.europesays.com\/pt\/wp-json\/wp\/v2\/users\/2"}],"replies":[{"embeddable":true,"href":"https:\/\/www.europesays.com\/pt\/wp-json\/wp\/v2\/comments?post=215179"}],"version-history":[{"count":0,"href":"https:\/\/www.europesays.com\/pt\/wp-json\/wp\/v2\/posts\/215179\/revisions"}],"wp:featuredmedia":[{"embeddable":true,"href":"https:\/\/www.europesays.com\/pt\/wp-json\/wp\/v2\/media\/215180"}],"wp:attachment":[{"href":"https:\/\/www.europesays.com\/pt\/wp-json\/wp\/v2\/media?parent=215179"}],"wp:term":[{"taxonomy":"category","embeddable":true,"href":"https:\/\/www.europesays.com\/pt\/wp-json\/wp\/v2\/categories?post=215179"},{"taxonomy":"post_tag","embeddable":true,"href":"https:\/\/www.europesays.com\/pt\/wp-json\/wp\/v2\/tags?post=215179"}],"curies":[{"name":"wp","href":"https:\/\/api.w.org\/{rel}","templated":true}]}}