{"id":21518,"date":"2025-08-08T18:54:20","date_gmt":"2025-08-08T18:54:20","guid":{"rendered":"https:\/\/www.europesays.com\/pt\/21518\/"},"modified":"2025-08-08T18:54:20","modified_gmt":"2025-08-08T18:54:20","slug":"ex-concorrente-de-reality-show-aparece-irreconhecivel-com-menos-22-quilos-big-brother","status":"publish","type":"post","link":"https:\/\/www.europesays.com\/pt\/21518\/","title":{"rendered":"Ex-concorrente de reality show aparece irreconhec\u00edvel com menos 22 quilos &#8211; Big Brother"},"content":{"rendered":"<p>No <a href=\"https:\/\/tvi.iol.pt\/doisas10\/\" rel=\"nofollow noopener\" target=\"_blank\">\u00abDois \u00e0s 10\u00bb<\/a>, recebemos Tamara, ex-concorrente de um conhecido reality show, que surge agora completamente irreconhec\u00edvel ap\u00f3s perder 22 quilos! Em apenas dois anos, a sua vida deu uma verdadeira reviravolta \u2014 e n\u00e3o foi s\u00f3 o visual que mudou. Entre confid\u00eancias e sorrisos, Tamara partilha connosco esta transforma\u00e7\u00e3o surpreendente, enquanto prepara um delicioso petisco na nossa cozinha: ovos rotos com camar\u00e3o.<\/p>\n","protected":false},"excerpt":{"rendered":"No \u00abDois \u00e0s 10\u00bb, recebemos Tamara, ex-concorrente de um conhecido reality show, que surge agora completamente irreconhec\u00edvel ap\u00f3s&hellip;\n","protected":false},"author":2,"featured_media":21519,"comment_status":"","ping_status":"","sticky":false,"template":"","format":"standard","meta":{"footnotes":""},"categories":[142],"tags":[331,48,329,333,328,335,336,114,115,334,332,330,13,7792,32,33,7791,151,162,227],"class_list":{"0":"post-21518","1":"post","2":"type-post","3":"status-publish","4":"format-standard","5":"has-post-thumbnail","7":"category-tv","8":"tag-big","9":"tag-big-brother","10":"tag-claudio-ramos","11":"tag-comentadores","12":"tag-concorrentes","13":"tag-confrontos","14":"tag-discussoes","15":"tag-entertainment","16":"tag-entretenimento","17":"tag-exclusivos","18":"tag-expulso","19":"tag-gala","20":"tag-noticias","21":"tag-o-triangulo","22":"tag-portugal","23":"tag-pt","24":"tag-tamara-rocha","25":"tag-tv","26":"tag-tvi","27":"tag-videos"},"share_on_mastodon":{"url":"","error":""},"_links":{"self":[{"href":"https:\/\/www.europesays.com\/pt\/wp-json\/wp\/v2\/posts\/21518","targetHints":{"allow":["GET"]}}],"collection":[{"href":"https:\/\/www.europesays.com\/pt\/wp-json\/wp\/v2\/posts"}],"about":[{"href":"https:\/\/www.europesays.com\/pt\/wp-json\/wp\/v2\/types\/post"}],"author":[{"embeddable":true,"href":"https:\/\/www.europesays.com\/pt\/wp-json\/wp\/v2\/users\/2"}],"replies":[{"embeddable":true,"href":"https:\/\/www.europesays.com\/pt\/wp-json\/wp\/v2\/comments?post=21518"}],"version-history":[{"count":0,"href":"https:\/\/www.europesays.com\/pt\/wp-json\/wp\/v2\/posts\/21518\/revisions"}],"wp:featuredmedia":[{"embeddable":true,"href":"https:\/\/www.europesays.com\/pt\/wp-json\/wp\/v2\/media\/21519"}],"wp:attachment":[{"href":"https:\/\/www.europesays.com\/pt\/wp-json\/wp\/v2\/media?parent=21518"}],"wp:term":[{"taxonomy":"category","embeddable":true,"href":"https:\/\/www.europesays.com\/pt\/wp-json\/wp\/v2\/categories?post=21518"},{"taxonomy":"post_tag","embeddable":true,"href":"https:\/\/www.europesays.com\/pt\/wp-json\/wp\/v2\/tags?post=21518"}],"curies":[{"name":"wp","href":"https:\/\/api.w.org\/{rel}","templated":true}]}}