{"id":215186,"date":"2026-01-05T00:17:07","date_gmt":"2026-01-05T00:17:07","guid":{"rendered":"https:\/\/www.europesays.com\/pt\/215186\/"},"modified":"2026-01-05T00:17:07","modified_gmt":"2026-01-05T00:17:07","slug":"acoes-contra-aedes-aegypti-reforcadas-com-cinco-mutiroes-durante-o-verao-sao-joao-da-barra","status":"publish","type":"post","link":"https:\/\/www.europesays.com\/pt\/215186\/","title":{"rendered":"A\u00e7\u00f5es contra Aedes aegypti refor\u00e7adas com cinco mutir\u00f5es durante o ver\u00e3o | S\u00e3o Jo\u00e3o da Barra"},"content":{"rendered":"<p>                                        O trabalho dos agentes de endemias \u00e9 ampliado em todo munic\u00edpio, buscando eliminar focos de prolifera\u00e7\u00e3o&#13;<br \/>\n &#8211; Foto Divulga\u00e7\u00e3o<\/p>\n<p class=\"content-media__description\">O trabalho dos agentes de endemias \u00e9 ampliado em todo munic\u00edpio, buscando eliminar focos de prolifera\u00e7\u00e3o&#13;<br \/>\nFoto Divulga\u00e7\u00e3o<\/p>\n<p>                            Publicado 04\/01\/2026 20:08\n                    <\/p>\n<p>S\u00e3o Jo\u00e3o da Barra \u2013 As a\u00e7\u00f5es de combate ao Aedes aegypti (transmissor da dengue, zika v\u00edrus e chikungunya) est\u00e3o sendo intensificadas em S\u00e3o Jo\u00e3o da Barra (RJ), por meio do N\u00facleo de Controle de Zoonoses (NCZ). Durante a temporada de ver\u00e3o ser\u00e3o realizados mutir\u00f5es nos dias <br \/>16, 23 e 30 de janeiro, e 6 e 11 de fevereiro, envolvendo cerca de 70 agentes de endemias. <\/p>\n<p>Est\u00e1 definido que os servidores percorrer\u00e3o resid\u00eancias, pontos comerciais e demais estabelecimentos, dando orienta\u00e7\u00f5es sobre como evitar a prolifera\u00e7\u00e3o do mosquito Aedes aegypti. Ir\u00e3o tamb\u00e9m aplicar inseticidas em potenciais focos do inseto. O diretor do NCZ, Matheus Moreira, assinala que h\u00e1 um cronograma e explica a estrat\u00e9gia.<\/p>\n<p>\u201cNos dias 16 e 30 de janeiro as a\u00e7\u00f5es ser\u00e3o na sede, em Atafona, em Grussa\u00ed e tamb\u00e9m na \u00e1rea da Lagoa de Grussa\u00ed\u201d, aponta acrescentando que dia 23 de janeiro e seis de fevereiro as a\u00e7\u00f5es ser\u00e3o no distrito de Barcelos, no A\u00e7u e demais \u00e1reas do quinto distrito, com a realiza\u00e7\u00e3o dos mesmos procedimentos. <\/p>\n<p>\u201cNo dia 30, as equipes voltam \u00e0 sede, ao distrito de Atafona, a Grussa\u00ed e \u00e0 \u00e1rea da Lagoa de Grussa\u00ed\u201d, assinala o diretor real\u00e7ando que no dia 11 de fevereiro as a\u00e7\u00f5es ser\u00e3o finalizadas, com as equipes do mutir\u00e3o realizando as visitas em todas as localidades, refor\u00e7ando a import\u00e2ncia da vigil\u00e2ncia em n\u00e3o deixar \u00e1gua parada dentro de casa e nos quintais. <\/p>\n<p>Moreira frisa que com o baixo \u00edndice de infesta\u00e7\u00e3o do quarto e \u00faltimo Levantamento do \u00cdndice R\u00e1pido de Infesta\u00e7\u00e3o pelo Aedes aegypti (LIRAa), que foi de 0,5%, existe um cen\u00e1rio bem favor\u00e1vel, mas n\u00e3o menos vigilantes para desenvolvermos nosso trabalho no pr\u00f3ximo ver\u00e3o. Ele defende a parceria com a popula\u00e7\u00e3o fundamental.<\/p>\n<p>\u201cContamos com a colabora\u00e7\u00e3o de todos, recebendo nossos agentes de endemias e seguindo suas orienta\u00e7\u00f5es, para que possamos iniciar bem o ano de 2026, que esperamos ser de baixos \u00edndices de arboviroses no nosso munic\u00edpio\u201d. O diretor afirma que ser\u00e3o intensificadas tamb\u00e9m as a\u00e7\u00f5es nos quatro cemit\u00e9rios do munic\u00edpio, com datas ainda a confirmar.<\/p>\n","protected":false},"excerpt":{"rendered":"O trabalho dos agentes de endemias \u00e9 ampliado em todo munic\u00edpio, buscando eliminar focos de prolifera\u00e7\u00e3o&#13; &#8211; Foto&hellip;\n","protected":false},"author":2,"featured_media":215187,"comment_status":"","ping_status":"","sticky":false,"template":"","format":"standard","meta":{"footnotes":""},"categories":[86],"tags":[3272,5726,1891,116,32,33,117],"class_list":{"0":"post-215186","1":"post","2":"type-post","3":"status-publish","4":"format-standard","5":"has-post-thumbnail","7":"category-saude","8":"tag-acoes","9":"tag-combate","10":"tag-dengue","11":"tag-health","12":"tag-portugal","13":"tag-pt","14":"tag-saude"},"share_on_mastodon":{"url":"https:\/\/pubeurope.com\/@pt\/115839621223373370","error":""},"_links":{"self":[{"href":"https:\/\/www.europesays.com\/pt\/wp-json\/wp\/v2\/posts\/215186","targetHints":{"allow":["GET"]}}],"collection":[{"href":"https:\/\/www.europesays.com\/pt\/wp-json\/wp\/v2\/posts"}],"about":[{"href":"https:\/\/www.europesays.com\/pt\/wp-json\/wp\/v2\/types\/post"}],"author":[{"embeddable":true,"href":"https:\/\/www.europesays.com\/pt\/wp-json\/wp\/v2\/users\/2"}],"replies":[{"embeddable":true,"href":"https:\/\/www.europesays.com\/pt\/wp-json\/wp\/v2\/comments?post=215186"}],"version-history":[{"count":0,"href":"https:\/\/www.europesays.com\/pt\/wp-json\/wp\/v2\/posts\/215186\/revisions"}],"wp:featuredmedia":[{"embeddable":true,"href":"https:\/\/www.europesays.com\/pt\/wp-json\/wp\/v2\/media\/215187"}],"wp:attachment":[{"href":"https:\/\/www.europesays.com\/pt\/wp-json\/wp\/v2\/media?parent=215186"}],"wp:term":[{"taxonomy":"category","embeddable":true,"href":"https:\/\/www.europesays.com\/pt\/wp-json\/wp\/v2\/categories?post=215186"},{"taxonomy":"post_tag","embeddable":true,"href":"https:\/\/www.europesays.com\/pt\/wp-json\/wp\/v2\/tags?post=215186"}],"curies":[{"name":"wp","href":"https:\/\/api.w.org\/{rel}","templated":true}]}}