{"id":215188,"date":"2026-01-05T00:18:07","date_gmt":"2026-01-05T00:18:07","guid":{"rendered":"https:\/\/www.europesays.com\/pt\/215188\/"},"modified":"2026-01-05T00:18:07","modified_gmt":"2026-01-05T00:18:07","slug":"morreu-a-fadista-maria-do-rosario-bettencourt-musica","status":"publish","type":"post","link":"https:\/\/www.europesays.com\/pt\/215188\/","title":{"rendered":"Morreu a fadista Maria do Ros\u00e1rio Bettencourt | M\u00fasica"},"content":{"rendered":"<p>A fadista Maria do Ros\u00e1rio Bettencourt morreu no s\u00e1bado aos 92 anos, em Torres Vedras, distrito de Lisboa, disse hoje \u00e0 ag\u00eancia Lusa fonte da fam\u00edlia. A cantora morreu no hospital de Torres Vedras e o funeral realiza-se na segunda-feira naquela cidade, onde vivia.<\/p>\n<p>Maria do Ros\u00e1rio Bettencourt nasceu em Junho de 1933 numa fam\u00edlia de artistas e estreou-se aos 19 anos, ao lado do fadista Fernando Farinha, na antiga Emissora Nacional. Cantou em <a href=\"https:\/\/www.publico.pt\/2011\/01\/22\/jornal\/venha-dai--que-vamos-aos-fados-21012059\" rel=\"nofollow noopener\" target=\"_blank\">v\u00e1rias casas de fado de Lisboa<\/a> e gravou sobretudo nos anos 1960 e 1970, incluindo os \u00e1lbuns Canto Presente e Para Cada M\u00e3o Uma Rosa.<\/p>\n<p>Numa nota biogr\u00e1fica que lhe \u00e9 dedicada, o Museu do Fado lembra que Maria do Ros\u00e1rio Bettencourt gravou e actuou com instrumentistas como <a href=\"https:\/\/www.publico.pt\/2012\/06\/15\/jornal\/raul-nery-o-guitarrista-que-sabia-ouvir-os-outros-24720737\" rel=\"nofollow noopener\" target=\"_blank\">Raul Nery<\/a>, Fontes Rocha, Joel Pina, Ant\u00f3nio Cha\u00ednho, Jos\u00e9 Maria N\u00f3brega, Raul Silva e Jos\u00e9 Pracana.<\/p>\n<p>A fadista fez sempre \u201cuma cuidada escolha de repert\u00f3rio e de poemas\u201d, sublinha o Museu do Fado, citando Maria Manuel Cid, Lima Brumon, Fernando Pessoa, Cam\u00f5es ou Bernardo Torres.<\/p>\n<p>Quadras Soltas (de Francisco Viana e Silva Tavares) e Quatro Esta\u00e7\u00f5es (de Joaquim Campos e David Mour\u00e3o Ferreira) s\u00e3o dois dos fados interpretados e gravados pela artista.<\/p>\n<p>Maria do Ros\u00e1rio Bettencourt tamb\u00e9m integrou <a href=\"https:\/\/www.publico.pt\/2006\/11\/04\/culturaipsilon\/noticia\/maria-da-fe-e-rui-vieira-nery-distinguidos-com-premios-amalia-rodrigues-1275496\" rel=\"nofollow noopener\" target=\"_blank\">j\u00faris do Pr\u00e9mio Am\u00e1lia Rodrigues<\/a> e participou no filme O Mal Amado (1974), de Fernando Matos Silva, o \u00faltimo filme portugu\u00eas a ser censurado no Estado Novo e s\u00f3 estreado depois da revolu\u00e7\u00e3o de Abril de 1974.<\/p>\n<p>Em 1998, a artista publicou uma colect\u00e2nea de fados. De acordo com o Museu do Fado, em 2012 Maria do Ros\u00e1rio Bettencourt foi uma das 50 personalidades do fado e da guitarra portuguesa a receber uma medalha de m\u00e9rito cultural pela C\u00e2mara Municipal de Lisboa, um ano depois da consagra\u00e7\u00e3o do fado como Patrim\u00f3nio Imaterial da Humanidade.<\/p>\n","protected":false},"excerpt":{"rendered":"A fadista Maria do Ros\u00e1rio Bettencourt morreu no s\u00e1bado aos 92 anos, em Torres Vedras, distrito de Lisboa,&hellip;\n","protected":false},"author":2,"featured_media":215189,"comment_status":"","ping_status":"","sticky":false,"template":"","format":"standard","meta":{"footnotes":""},"categories":[85],"tags":[1413,114,115,2131,797,150,32,33],"class_list":{"0":"post-215188","1":"post","2":"type-post","3":"status-publish","4":"format-standard","5":"has-post-thumbnail","7":"category-entretenimento","8":"tag-cultura-ipsilon","9":"tag-entertainment","10":"tag-entretenimento","11":"tag-fado","12":"tag-lisboa","13":"tag-musica","14":"tag-portugal","15":"tag-pt"},"share_on_mastodon":{"url":"https:\/\/pubeurope.com\/@pt\/115839625109437688","error":""},"_links":{"self":[{"href":"https:\/\/www.europesays.com\/pt\/wp-json\/wp\/v2\/posts\/215188","targetHints":{"allow":["GET"]}}],"collection":[{"href":"https:\/\/www.europesays.com\/pt\/wp-json\/wp\/v2\/posts"}],"about":[{"href":"https:\/\/www.europesays.com\/pt\/wp-json\/wp\/v2\/types\/post"}],"author":[{"embeddable":true,"href":"https:\/\/www.europesays.com\/pt\/wp-json\/wp\/v2\/users\/2"}],"replies":[{"embeddable":true,"href":"https:\/\/www.europesays.com\/pt\/wp-json\/wp\/v2\/comments?post=215188"}],"version-history":[{"count":0,"href":"https:\/\/www.europesays.com\/pt\/wp-json\/wp\/v2\/posts\/215188\/revisions"}],"wp:featuredmedia":[{"embeddable":true,"href":"https:\/\/www.europesays.com\/pt\/wp-json\/wp\/v2\/media\/215189"}],"wp:attachment":[{"href":"https:\/\/www.europesays.com\/pt\/wp-json\/wp\/v2\/media?parent=215188"}],"wp:term":[{"taxonomy":"category","embeddable":true,"href":"https:\/\/www.europesays.com\/pt\/wp-json\/wp\/v2\/categories?post=215188"},{"taxonomy":"post_tag","embeddable":true,"href":"https:\/\/www.europesays.com\/pt\/wp-json\/wp\/v2\/tags?post=215188"}],"curies":[{"name":"wp","href":"https:\/\/api.w.org\/{rel}","templated":true}]}}