{"id":215190,"date":"2026-01-05T00:19:14","date_gmt":"2026-01-05T00:19:14","guid":{"rendered":"https:\/\/www.europesays.com\/pt\/215190\/"},"modified":"2026-01-05T00:19:14","modified_gmt":"2026-01-05T00:19:14","slug":"novo-rumor-volta-a-apontar-lancamento-do-iphone-18-so-para-2027","status":"publish","type":"post","link":"https:\/\/www.europesays.com\/pt\/215190\/","title":{"rendered":"Novo rumor volta a apontar lan\u00e7amento do iPhone 18 s\u00f3 para 2027"},"content":{"rendered":"<p>H\u00e1 algum tempo circulam rumores sobre a possibilidade de a Apple n\u00e3o lan\u00e7ar o iPhone 18 ao mesmo tempo que os modelos iPhone 18 Pro e iPhone 18 Pro Max, optando assim por dividir o lan\u00e7amento da pr\u00f3xima gera\u00e7\u00e3o de smartphones em duas etapas.<\/p>\n<p>Esses rumores agora s\u00e3o refor\u00e7ados pelo site MacRumors, que afirma que a Apple planeja priorizar os modelos topo de linha e o primeiro aparelho dobr\u00e1vel da marca, lan\u00e7ando-os em setembro de 2026. J\u00e1 o iPhone 18 padr\u00e3o deve chegar ao mercado apenas na primavera de 2027.<\/p>\n<p>\u201cPor mais de uma d\u00e9cada, a Apple apresentou sua principal linha de iPhones no outono, com todos os modelos principais sendo lan\u00e7ados em setembro\u201d, escreveu a publica\u00e7\u00e3o. \u201cEspera-se que esse padr\u00e3o mude, com a empresa dividindo o lan\u00e7amento dos pr\u00f3ximos iPhones em dois per\u00edodos distintos, em vez de revelar toda a gera\u00e7\u00e3o de uma s\u00f3 vez. Com essa estrat\u00e9gia, a Apple deve priorizar os modelos premium no outono, enquanto adia os modelos padr\u00e3o e de menor custo para o ano seguinte.\u201d<\/p>\n<p>Essa \u00e9 exatamente a estrat\u00e9gia mencionada nos vazamentos mais recentes, que apontam o lan\u00e7amento do iPhone 18 para a primavera de 2027, coincidindo com a poss\u00edvel chegada de um iPhone 18e.<\/p>\n<p>Quanto ao que se espera para o outono de 2026, acredita-se que, al\u00e9m do iPhone 18 Pro e do iPhone 18 Pro Max, a Apple tamb\u00e9m apresente seu primeiro iPhone com tela dobr\u00e1vel \u2014 provisoriamente chamado de iPhone Fold \u2014 e, possivelmente, o sucessor do ultrafino iPhone Air.<\/p>\n<p>Leia Tamb\u00e9m: <a href=\"https:\/\/www.noticiasaominuto.com.br\/tech\/2346375\/empresa-do-roomba-assegura-que-nao-enviara-dados-para-a-china\" target=\"_blank\" rel=\"noopener noreferrer nofollow\">Empresa do Roomba assegura que n\u00e3o enviar\u00e1 dados para a China<\/a><\/p>\n","protected":false},"excerpt":{"rendered":"H\u00e1 algum tempo circulam rumores sobre a possibilidade de a Apple n\u00e3o lan\u00e7ar o iPhone 18 ao mesmo&hellip;\n","protected":false},"author":2,"featured_media":215191,"comment_status":"","ping_status":"","sticky":false,"template":"","format":"standard","meta":{"footnotes":""},"categories":[84],"tags":[109,107,108,32,33,105,103,104,106,110],"class_list":{"0":"post-215190","1":"post","2":"type-post","3":"status-publish","4":"format-standard","5":"has-post-thumbnail","7":"category-ciencia-e-tecnologia","8":"tag-ciencia","9":"tag-ciencia-e-tecnologia","10":"tag-cienciaetecnologia","11":"tag-portugal","12":"tag-pt","13":"tag-science","14":"tag-science-and-technology","15":"tag-scienceandtechnology","16":"tag-technology","17":"tag-tecnologia"},"share_on_mastodon":{"url":"https:\/\/pubeurope.com\/@pt\/115839629070515952","error":""},"_links":{"self":[{"href":"https:\/\/www.europesays.com\/pt\/wp-json\/wp\/v2\/posts\/215190","targetHints":{"allow":["GET"]}}],"collection":[{"href":"https:\/\/www.europesays.com\/pt\/wp-json\/wp\/v2\/posts"}],"about":[{"href":"https:\/\/www.europesays.com\/pt\/wp-json\/wp\/v2\/types\/post"}],"author":[{"embeddable":true,"href":"https:\/\/www.europesays.com\/pt\/wp-json\/wp\/v2\/users\/2"}],"replies":[{"embeddable":true,"href":"https:\/\/www.europesays.com\/pt\/wp-json\/wp\/v2\/comments?post=215190"}],"version-history":[{"count":0,"href":"https:\/\/www.europesays.com\/pt\/wp-json\/wp\/v2\/posts\/215190\/revisions"}],"wp:featuredmedia":[{"embeddable":true,"href":"https:\/\/www.europesays.com\/pt\/wp-json\/wp\/v2\/media\/215191"}],"wp:attachment":[{"href":"https:\/\/www.europesays.com\/pt\/wp-json\/wp\/v2\/media?parent=215190"}],"wp:term":[{"taxonomy":"category","embeddable":true,"href":"https:\/\/www.europesays.com\/pt\/wp-json\/wp\/v2\/categories?post=215190"},{"taxonomy":"post_tag","embeddable":true,"href":"https:\/\/www.europesays.com\/pt\/wp-json\/wp\/v2\/tags?post=215190"}],"curies":[{"name":"wp","href":"https:\/\/api.w.org\/{rel}","templated":true}]}}