{"id":215192,"date":"2026-01-05T00:20:09","date_gmt":"2026-01-05T00:20:09","guid":{"rendered":"https:\/\/www.europesays.com\/pt\/215192\/"},"modified":"2026-01-05T00:20:09","modified_gmt":"2026-01-05T00:20:09","slug":"psp-alerta-para-furtos-no-interior-das-viaturas-alguns-conselhos","status":"publish","type":"post","link":"https:\/\/www.europesays.com\/pt\/215192\/","title":{"rendered":"PSP alerta para furtos no interior das viaturas! Alguns conselhos&#8230;"},"content":{"rendered":"<p>A <a target=\"_blank\" href=\"https:\/\/www.facebook.com\/PSPPortugal\/posts\/pfbid021PY28qJnbXDGfGPUeErHT9wLq5GdwHXdiFK2tDz8HEidEAAoLMzREckEhxwWhYA8l?__cft__[0]=AZZCkItoDv01I9J42L8GI53vVGLzO2Oxa7JOFO2znHtLIuGgEN__gng3M8K6av2KfVby8JoONNst9ZknrtQtuUs6lGOFCJOGNzp4eJza-DjKyCz8Fvu8bfPFpwtN8FeED9gPf1cCZOj5IjZoKp4aE04fMvGOTG54qUfjxc-MQ6Kz7Q&amp;__tn__=%2CO%2CP-R\" rel=\"nofollow noopener\">PSP<\/a> alertou para o aumento de furtos no interior das viaturas, deixando um conjunto de recomenda\u00e7\u00f5es para prevenir este tipo de crime, que continua a ser frequente, sobretudo em zonas urbanas e parques de estacionamento.<\/p>\n<p><a target=\"_blank\" href=\"https:\/\/pplware.sapo.pt\/wp-content\/uploads\/2023\/06\/psp_gnr00.jpg\" onclick=\"refreshIframe()\" class=\"foobox\" rel=\"nofollow noopener\"><img fetchpriority=\"high\" decoding=\"async\" src=\"https:\/\/www.europesays.com\/pt\/wp-content\/uploads\/2025\/07\/psp_gnr00-720x405.jpg\" alt=\"PSP\" width=\"720\" height=\"405\" class=\"aligncenter size-medium wp-image-929970\"  \/><\/a><\/p>\n<p>PSP sugere ado\u00e7\u00e3o de cuidados simples para ajudar a reduzir o risco<\/p>\n<p>O furto de interior de viatura pode ocorrer de forma r\u00e1pida, mesmo durante breves aus\u00eancias. Nesse sentido, a PSP refere que devemos adotar alguns cuidados simples pode ajudar a reduzir o risco:<\/p>\n<ul>\n<li>verificar que a viatura se encontra devidamente fechada<\/li>\n<li>verificar que os vidros est\u00e3o fechados, mesmo quando se ausenta por breves segundos<\/li>\n<li>optar, sempre que poss\u00edvel, por locais bem iluminados e movimentados.<\/li>\n<\/ul>\n<p>A PSP diz trabalhar diariamente na preven\u00e7\u00e3o e combate a este tipo de criminalidade, refor\u00e7ando a presen\u00e7a policial e a vigil\u00e2ncia nas zonas mais afetadas.<\/p>\n","protected":false},"excerpt":{"rendered":"A PSP alertou para o aumento de furtos no interior das viaturas, deixando um conjunto de recomenda\u00e7\u00f5es para&hellip;\n","protected":false},"author":2,"featured_media":215193,"comment_status":"","ping_status":"","sticky":false,"template":"","format":"standard","meta":{"footnotes":""},"categories":[83],"tags":[88,89,90,32,1306,33,41960],"class_list":{"0":"post-215192","1":"post","2":"type-post","3":"status-publish","4":"format-standard","5":"has-post-thumbnail","7":"category-empresas","8":"tag-business","9":"tag-economy","10":"tag-empresas","11":"tag-portugal","12":"tag-psp","13":"tag-pt","14":"tag-viaturas"},"share_on_mastodon":{"url":"https:\/\/pubeurope.com\/@pt\/115839632907705873","error":""},"_links":{"self":[{"href":"https:\/\/www.europesays.com\/pt\/wp-json\/wp\/v2\/posts\/215192","targetHints":{"allow":["GET"]}}],"collection":[{"href":"https:\/\/www.europesays.com\/pt\/wp-json\/wp\/v2\/posts"}],"about":[{"href":"https:\/\/www.europesays.com\/pt\/wp-json\/wp\/v2\/types\/post"}],"author":[{"embeddable":true,"href":"https:\/\/www.europesays.com\/pt\/wp-json\/wp\/v2\/users\/2"}],"replies":[{"embeddable":true,"href":"https:\/\/www.europesays.com\/pt\/wp-json\/wp\/v2\/comments?post=215192"}],"version-history":[{"count":0,"href":"https:\/\/www.europesays.com\/pt\/wp-json\/wp\/v2\/posts\/215192\/revisions"}],"wp:featuredmedia":[{"embeddable":true,"href":"https:\/\/www.europesays.com\/pt\/wp-json\/wp\/v2\/media\/215193"}],"wp:attachment":[{"href":"https:\/\/www.europesays.com\/pt\/wp-json\/wp\/v2\/media?parent=215192"}],"wp:term":[{"taxonomy":"category","embeddable":true,"href":"https:\/\/www.europesays.com\/pt\/wp-json\/wp\/v2\/categories?post=215192"},{"taxonomy":"post_tag","embeddable":true,"href":"https:\/\/www.europesays.com\/pt\/wp-json\/wp\/v2\/tags?post=215192"}],"curies":[{"name":"wp","href":"https:\/\/api.w.org\/{rel}","templated":true}]}}