{"id":215194,"date":"2026-01-05T00:21:07","date_gmt":"2026-01-05T00:21:07","guid":{"rendered":"https:\/\/www.europesays.com\/pt\/215194\/"},"modified":"2026-01-05T00:21:07","modified_gmt":"2026-01-05T00:21:07","slug":"petroleo-arranca-negociacao-em-queda-eua-propuseram-exilio-na-turquia-a-nicolas-maduro-americas","status":"publish","type":"post","link":"https:\/\/www.europesays.com\/pt\/215194\/","title":{"rendered":"Petr\u00f3leo arranca negocia\u00e7\u00e3o em queda. EUA propuseram ex\u00edlio na Turquia a Nicol\u00e1s Maduro &#8211; Am\u00e9ricas"},"content":{"rendered":"<p>                    EUA s\u00f3 trabalhar\u00e3o com autoridades que tomem \u201cas decis\u00f5es certas&#8221;<\/p>\n<p class=\"\">&#13;<br \/>\n        Os Estados Unidos s\u00f3 trabalhar\u00e3o com as autoridades venezuelanas que tomem \u201cas decis\u00f5es certas&#8221;, disse este domingo o secret\u00e1rio de Estado norte-americano, garantindo que <b>Washington ainda pode pressionar mais o pa\u00eds sul-americano<\/b>.&#13;\n    <\/p>\n<p class=\"\">&#13;<br \/>\n        &#8220;Se eles [quem esteja no poder na Venezuela] n\u00e3o tomarem as decis\u00f5es certas, os <b>Estados Unidos manter\u00e3o diversas ferramentas de influ\u00eancia para garantir a prote\u00e7\u00e3o dos nossos interesses, incluindo o embargo ao petr\u00f3leo em vigor<\/b>\u201d, avan\u00e7ou Marco Rubio, em entrevista \u00e0 CBS.&#13;\n    <\/p>\n<p class=\"\">&#13;<br \/>\n        Em entrevista ao programa \u201cFace the Nation with Margaret Brennan\u201d, emitido este domingo de manh\u00e3, o secret\u00e1rio de Estado deixou um aviso: \u201cVamos avaliar a situa\u00e7\u00e3o daqui para a frente. Vamos julgar tudo com base nas suas a\u00e7\u00f5es e veremos o que far\u00e3o.&#8221;&#13;\n    <\/p>\n<p class=\"\">&#13;<br \/>\n        Rubio assinalou que a economia da Venezuela \u00e9 \u201cmovida a petr\u00f3leo\u201d, mas, neste momento, \u201c\u00e9 uma ind\u00fastria petrol\u00edfera atrasada, que precisa de muita ajuda e trabalho, n\u00e3o s\u00f3 em termos de desenvolvimento, mas tamb\u00e9m porque n\u00e3o beneficia a popula\u00e7\u00e3o, [j\u00e1 que] nenhum do dinheiro do petr\u00f3leo chega ao povo\u201d.&#13;\n    <\/p>\n<p class=\"\">&#13;<br \/>\n        Questionado diretamente sobre a hip\u00f3tese de colocar \u201cboots on the ground\u201d (tropas norte-americanas no terreno) na Venezuela, pa\u00eds com quase 30 milh\u00f5es de habitantes, Rubio admitiu que o Presidente Trump<b> \u201cmant\u00e9m sempre todas as op\u00e7\u00f5es em aberto para todos os assuntos\u201d.<\/b>&#13;\n    <\/p>\n<p class=\"\">&#13;<br \/>\n        Trump \u201ccertamente tem a capacidade e o direito, de acordo com a Constitui\u00e7\u00e3o dos Estados Unidos, de agir contra amea\u00e7as iminentes e urgentes contra o pa\u00eds\u201d, defendeu, real\u00e7ando que, com a opera\u00e7\u00e3o executada no s\u00e1bado, Washington n\u00e3o quis \u201centrar e terminar logo\u201d, mas sim \u201centrar e apanhar\u201d o que queria.&#13;\n    <\/p>\n<p class=\"\">&#13;<br \/>\n        \u201cSe j\u00e1 est\u00e3o a reclamar dessa \u00fanica opera\u00e7\u00e3o, imagine o alvoro\u00e7o se f\u00f4ssemos l\u00e1 e fic\u00e1ssemos quatro dias para capturar mais quatro pessoas. Conseguimos [capturar] a prioridade n\u00famero um\u201d, apontou, descrevendo a opera\u00e7\u00e3o como \u201cbastante sofisticada e, francamente, complicada\u201d.&#13;\n    <\/p>\n<p class=\"\">&#13;<br \/>\n        Atribuindo \u201co m\u00e9rito aos militares americanos que realizaram a opera\u00e7\u00e3o\u201d, que classifica como \u201cum enorme sucesso\u201d, Rubio saudou a deten\u00e7\u00e3o de \u201cum narcotraficante indiciado que n\u00e3o era o Presidente leg\u00edtimo da Venezuela\u201d.&#13;\n    <\/p>\n<p class=\"\">&#13;<br \/>\n        Reconhecendo admira\u00e7\u00e3o por Mar\u00eda Corina Machado e Edmundo Gonz\u00e1lez, opositores venezuelanos, o representante sublinhou que os Estados Unidos est\u00e3o focados na \u201cmiss\u00e3o\u201d de retirar \u201cum pa\u00eds potencialmente muito rico\u201d do controlo de um regime que se \u201cacomodou\u201d ao Ir\u00e3o, ao Hezbollah (mil\u00edcia fundamentalista xiita libanesa) e a \u201cgangues de narcotraficantes que operam impunemente no seu pr\u00f3prio territ\u00f3rio\u201d.&#13;\n    <\/p>\n<p class=\"\">&#13;<br \/>\n        Para isso, a administra\u00e7\u00e3o Trump vai fazer uma avalia\u00e7\u00e3o das pessoas com base no que fizerem: \u201cn\u00e3o [o faremos com base] no que disserem publicamente neste per\u00edodo interino, n\u00e3o no que sabemos que eles fizeram no passado em muitos casos, mas sim no que far\u00e3o daqui para frente\u201d.&#13;\n    <\/p>\n","protected":false},"excerpt":{"rendered":"EUA s\u00f3 trabalhar\u00e3o com autoridades que tomem \u201cas decis\u00f5es certas&#8221; &#13; Os Estados Unidos s\u00f3 trabalhar\u00e3o com as&hellip;\n","protected":false},"author":2,"featured_media":215195,"comment_status":"","ping_status":"","sticky":false,"template":"","format":"standard","meta":{"footnotes":""},"categories":[50],"tags":[27,28,41816,15,16,301,14,25,26,21,22,40965,62,12,13,19,20,4532,23,24,17,18,29,30,31,63,64,65],"class_list":{"0":"post-215194","1":"post","2":"type-post","3":"status-publish","4":"format-standard","5":"has-post-thumbnail","7":"category-mundo","8":"tag-breaking-news","9":"tag-breakingnews","10":"tag-delcy-rodriguez","11":"tag-featured-news","12":"tag-featurednews","13":"tag-governo","14":"tag-headlines","15":"tag-latest-news","16":"tag-latestnews","17":"tag-main-news","18":"tag-mainnews","19":"tag-ministro-governo","20":"tag-mundo","21":"tag-news","22":"tag-noticias","23":"tag-noticias-principais","24":"tag-noticiasprincipais","25":"tag-parlamento","26":"tag-principais-noticias","27":"tag-principaisnoticias","28":"tag-top-stories","29":"tag-topstories","30":"tag-ultimas","31":"tag-ultimas-noticias","32":"tag-ultimasnoticias","33":"tag-world","34":"tag-world-news","35":"tag-worldnews"},"share_on_mastodon":{"url":"https:\/\/pubeurope.com\/@pt\/115839637036958626","error":""},"_links":{"self":[{"href":"https:\/\/www.europesays.com\/pt\/wp-json\/wp\/v2\/posts\/215194","targetHints":{"allow":["GET"]}}],"collection":[{"href":"https:\/\/www.europesays.com\/pt\/wp-json\/wp\/v2\/posts"}],"about":[{"href":"https:\/\/www.europesays.com\/pt\/wp-json\/wp\/v2\/types\/post"}],"author":[{"embeddable":true,"href":"https:\/\/www.europesays.com\/pt\/wp-json\/wp\/v2\/users\/2"}],"replies":[{"embeddable":true,"href":"https:\/\/www.europesays.com\/pt\/wp-json\/wp\/v2\/comments?post=215194"}],"version-history":[{"count":0,"href":"https:\/\/www.europesays.com\/pt\/wp-json\/wp\/v2\/posts\/215194\/revisions"}],"wp:featuredmedia":[{"embeddable":true,"href":"https:\/\/www.europesays.com\/pt\/wp-json\/wp\/v2\/media\/215195"}],"wp:attachment":[{"href":"https:\/\/www.europesays.com\/pt\/wp-json\/wp\/v2\/media?parent=215194"}],"wp:term":[{"taxonomy":"category","embeddable":true,"href":"https:\/\/www.europesays.com\/pt\/wp-json\/wp\/v2\/categories?post=215194"},{"taxonomy":"post_tag","embeddable":true,"href":"https:\/\/www.europesays.com\/pt\/wp-json\/wp\/v2\/tags?post=215194"}],"curies":[{"name":"wp","href":"https:\/\/api.w.org\/{rel}","templated":true}]}}