{"id":215208,"date":"2026-01-05T00:37:07","date_gmt":"2026-01-05T00:37:07","guid":{"rendered":"https:\/\/www.europesays.com\/pt\/215208\/"},"modified":"2026-01-05T00:37:07","modified_gmt":"2026-01-05T00:37:07","slug":"ate-onde-pode-ir-o-rally-dos-metais-preciosos-materias-primas","status":"publish","type":"post","link":"https:\/\/www.europesays.com\/pt\/215208\/","title":{"rendered":"At\u00e9 onde pode ir o \u201crally\u201d dos metais preciosos? &#8211; Mat\u00e9rias-Primas"},"content":{"rendered":"<p class=\"\">&#13;<br \/>\n        \u201cMudam-se os tempos, mudam-se as vontades\u201d. O ditado \u00e9 antigo e muito certeiro, mas, <b>no que toca aos metais preciosos, ningu\u00e9m parece querer mudar o atual cen\u00e1rio de m\u00e1ximos hist\u00f3ricos do ouro, da prata e da platina<\/b>. Com efeito, depois dos novos recordes atingidos por estes tr\u00eas metais em 2025, <b>a entrada em 2026 deu sinais de que a tend\u00eancia \u00e9 para prosseguir na senda altista.<\/b>\u00a0&#13;\n    <\/p>\n","protected":false},"excerpt":{"rendered":"&#13; \u201cMudam-se os tempos, mudam-se as vontades\u201d. O ditado \u00e9 antigo e muito certeiro, mas, no que toca&hellip;\n","protected":false},"author":2,"featured_media":215209,"comment_status":"","ping_status":"","sticky":false,"template":"","format":"standard","meta":{"footnotes":""},"categories":[83],"tags":[13654,88,89,90,235,41967,101,23188,41965,32,1503,33,41966],"class_list":{"0":"post-215208","1":"post","2":"type-post","3":"status-publish","4":"format-standard","5":"has-post-thumbnail","7":"category-empresas","8":"tag-bnp-paribas","9":"tag-business","10":"tag-economy","11":"tag-empresas","12":"tag-estados-unidos","13":"tag-jpmorgan-chase","14":"tag-juros","15":"tag-metal","16":"tag-ouro-e-metais-preciosos","17":"tag-portugal","18":"tag-precos","19":"tag-pt","20":"tag-ubs-ag"},"share_on_mastodon":{"url":"","error":""},"_links":{"self":[{"href":"https:\/\/www.europesays.com\/pt\/wp-json\/wp\/v2\/posts\/215208","targetHints":{"allow":["GET"]}}],"collection":[{"href":"https:\/\/www.europesays.com\/pt\/wp-json\/wp\/v2\/posts"}],"about":[{"href":"https:\/\/www.europesays.com\/pt\/wp-json\/wp\/v2\/types\/post"}],"author":[{"embeddable":true,"href":"https:\/\/www.europesays.com\/pt\/wp-json\/wp\/v2\/users\/2"}],"replies":[{"embeddable":true,"href":"https:\/\/www.europesays.com\/pt\/wp-json\/wp\/v2\/comments?post=215208"}],"version-history":[{"count":0,"href":"https:\/\/www.europesays.com\/pt\/wp-json\/wp\/v2\/posts\/215208\/revisions"}],"wp:featuredmedia":[{"embeddable":true,"href":"https:\/\/www.europesays.com\/pt\/wp-json\/wp\/v2\/media\/215209"}],"wp:attachment":[{"href":"https:\/\/www.europesays.com\/pt\/wp-json\/wp\/v2\/media?parent=215208"}],"wp:term":[{"taxonomy":"category","embeddable":true,"href":"https:\/\/www.europesays.com\/pt\/wp-json\/wp\/v2\/categories?post=215208"},{"taxonomy":"post_tag","embeddable":true,"href":"https:\/\/www.europesays.com\/pt\/wp-json\/wp\/v2\/tags?post=215208"}],"curies":[{"name":"wp","href":"https:\/\/api.w.org\/{rel}","templated":true}]}}