{"id":215235,"date":"2026-01-05T01:04:08","date_gmt":"2026-01-05T01:04:08","guid":{"rendered":"https:\/\/www.europesays.com\/pt\/215235\/"},"modified":"2026-01-05T01:04:08","modified_gmt":"2026-01-05T01:04:08","slug":"saude-publica-monitora-quase-mil-pessoas-com-hiv-aids-em-catanduva","status":"publish","type":"post","link":"https:\/\/www.europesays.com\/pt\/215235\/","title":{"rendered":"Sa\u00fade p\u00fablica monitora quase mil pessoas com HIV\/Aids em Catanduva"},"content":{"rendered":"<p>Aproveitando a campanha Dezembro Vermelho, o Minist\u00e9rio da Sa\u00fade divulgou em dezembro a edi\u00e7\u00e3o 2025 do Boletim Epidemiol\u00f3gico HIV e Aids, refor\u00e7ando que, apesar dos avan\u00e7os no diagn\u00f3stico, tratamento e redu\u00e7\u00e3o da mortalidade, a infec\u00e7\u00e3o pelo HIV ainda representa importante desafio de sa\u00fade p\u00fablica no pa\u00eds, especialmente entre a popula\u00e7\u00e3o masculina.<\/p>\n<p>Segundo o Boletim, o Brasil apresenta estabilidade com leve aumento nos novos casos de HIV, com mais de 1,6 milh\u00e3o de pessoas infectadas desde o in\u00edcio da epidemia. Homens jovens, especialmente na faixa et\u00e1ria de 25 a 34 anos, e homens que fazem sexo com homens (HSH) permanecem entre os grupos mais afetados, embora a epidemia venha se diversificando.<\/p>\n<p>Em Catanduva, de acordo com dados da Secretaria Municipal de Sa\u00fade, 970 pacientes que vivem com HIV\/Adis est\u00e3o em acompanhamento na rede p\u00fablica, sendo que 111 foram notificados nos \u00faltimos dois anos. Foram 78 novos casos registrados em 2024 e outros 33 em 2025. Os n\u00fameros s\u00e3o de dezembro de 2025 e foram contabilizados a pedido do jornal O Regional.<\/p>\n<p>Diante dos dados nacionais, que mostram estabilidade dos novos diagn\u00f3sticos \u2013 m\u00e9dia anual de 36 mil novos registros nos \u00faltimos cinco anos \u2013, especialistas refor\u00e7am a import\u00e2ncia de que o pa\u00eds avance na preven\u00e7\u00e3o \u00e0 doen\u00e7a. Uma estrat\u00e9gia \u00e9 ampliar o acesso aos testes r\u00e1pidos, que oferecem precis\u00e3o equivalente \u00e0 dos exames laboratoriais, a quem passar por situa\u00e7\u00e3o de risco.<\/p>\n<p>Nas unidades de sa\u00fade de Catanduva, por exemplo, de 1\u00ba de janeiro a 30 de novembro de 2025, foram realizados 2.169 testes r\u00e1pidos para HIV. J\u00e1 no chamado CTA &#8211; Centro de Testagem e Aconselhamento, que funciona junto ao antigo Post\u00e3o, na rua Par\u00e1, foram realizados 1.323 testes r\u00e1pidos para HIV no mesmo per\u00edodo. Ou seja, foram 3.492 testes ao longo de 11 meses.<\/p>\n<p><strong>PORTA DE ENTRADA<\/strong><\/p>\n<p>A Aten\u00e7\u00e3o Prim\u00e1ria \u00e9 o primeiro contato para pessoas que buscam orienta\u00e7\u00e3o ap\u00f3s exposi\u00e7\u00e3o ao HIV ou apresentam sintomas compat\u00edveis com ISTs, as infec\u00e7\u00f5es sexualmente transmiss\u00edveis. Os primeiros sinais podem ser feridas, corrimentos, verrugas e altera\u00e7\u00f5es urin\u00e1rias.<\/p>\n<p>Tamb\u00e9m chamam aten\u00e7\u00e3o a febre persistente, linfonodos aumentados e quadros que lembram a s\u00edndrome retroviral aguda, sobretudo ap\u00f3s situa\u00e7\u00e3o de risco recente.<\/p>\n","protected":false},"excerpt":{"rendered":"Aproveitando a campanha Dezembro Vermelho, o Minist\u00e9rio da Sa\u00fade divulgou em dezembro a edi\u00e7\u00e3o 2025 do Boletim Epidemiol\u00f3gico&hellip;\n","protected":false},"author":2,"featured_media":215236,"comment_status":"","ping_status":"","sticky":false,"template":"","format":"standard","meta":{"footnotes":""},"categories":[86],"tags":[5628,5626,5627,1300,116,2513,13,5629,5625,32,33,117],"class_list":{"0":"post-215235","1":"post","2":"type-post","3":"status-publish","4":"format-standard","5":"has-post-thumbnail","7":"category-saude","8":"tag-blog","9":"tag-catanduva","10":"tag-catanduva-e-regiao","11":"tag-cidade","12":"tag-health","13":"tag-jornal","14":"tag-noticias","15":"tag-novidades","16":"tag-o-regional","17":"tag-portugal","18":"tag-pt","19":"tag-saude"},"share_on_mastodon":{"url":"https:\/\/pubeurope.com\/@pt\/115839805954149316","error":""},"_links":{"self":[{"href":"https:\/\/www.europesays.com\/pt\/wp-json\/wp\/v2\/posts\/215235","targetHints":{"allow":["GET"]}}],"collection":[{"href":"https:\/\/www.europesays.com\/pt\/wp-json\/wp\/v2\/posts"}],"about":[{"href":"https:\/\/www.europesays.com\/pt\/wp-json\/wp\/v2\/types\/post"}],"author":[{"embeddable":true,"href":"https:\/\/www.europesays.com\/pt\/wp-json\/wp\/v2\/users\/2"}],"replies":[{"embeddable":true,"href":"https:\/\/www.europesays.com\/pt\/wp-json\/wp\/v2\/comments?post=215235"}],"version-history":[{"count":0,"href":"https:\/\/www.europesays.com\/pt\/wp-json\/wp\/v2\/posts\/215235\/revisions"}],"wp:featuredmedia":[{"embeddable":true,"href":"https:\/\/www.europesays.com\/pt\/wp-json\/wp\/v2\/media\/215236"}],"wp:attachment":[{"href":"https:\/\/www.europesays.com\/pt\/wp-json\/wp\/v2\/media?parent=215235"}],"wp:term":[{"taxonomy":"category","embeddable":true,"href":"https:\/\/www.europesays.com\/pt\/wp-json\/wp\/v2\/categories?post=215235"},{"taxonomy":"post_tag","embeddable":true,"href":"https:\/\/www.europesays.com\/pt\/wp-json\/wp\/v2\/tags?post=215235"}],"curies":[{"name":"wp","href":"https:\/\/api.w.org\/{rel}","templated":true}]}}