{"id":215241,"date":"2026-01-05T01:07:15","date_gmt":"2026-01-05T01:07:15","guid":{"rendered":"https:\/\/www.europesays.com\/pt\/215241\/"},"modified":"2026-01-05T01:07:15","modified_gmt":"2026-01-05T01:07:15","slug":"na-industria-automovel-copiar-ja-nao-e-suficiente","status":"publish","type":"post","link":"https:\/\/www.europesays.com\/pt\/215241\/","title":{"rendered":"na ind\u00fastria autom\u00f3vel, copiar j\u00e1 n\u00e3o \u00e9 suficiente!"},"content":{"rendered":"<p>Um respons\u00e1vel da BYD defendeu que a inova\u00e7\u00e3o \u00e9 essencial para a sobreviv\u00eancia da ind\u00fastria autom\u00f3vel, alertando que, sem novos avan\u00e7os tecnol\u00f3gicos, os concorrentes acabar\u00e3o por n\u00e3o ter nada para copiar.<\/p>\n<p><a target=\"_blank\" href=\"https:\/\/pplware.sapo.pt\/wp-content\/uploads\/2025\/01\/BYD-Seal-U-EV-3.jpg\" onclick=\"refreshIframe()\" class=\"foobox\" rel=\"nofollow noopener\"><img fetchpriority=\"high\" decoding=\"async\" src=\"https:\/\/www.europesays.com\/pt\/wp-content\/uploads\/2026\/01\/BYD-Seal-U-EV-3-720x405.jpg\" alt=\"BYD Seal U EV\" width=\"720\" height=\"405\" class=\"aligncenter size-medium wp-image-1037101\"  \/><\/a>\n<\/p>\n<p>A ind\u00fastria autom\u00f3vel atravessa um per\u00edodo de transforma\u00e7\u00e3o acelerada, impulsionada pela <strong>eletrifica\u00e7\u00e3o<\/strong>, <strong>novas solu\u00e7\u00f5es de mobilidade<\/strong> e uma <strong>competi\u00e7\u00e3o cada vez mais aguerrida<\/strong> entre as marcas tradicionais e emergentes.<\/p>\n<p>Enquanto os ve\u00edculos el\u00e9tricos e h\u00edbridos ganham espa\u00e7o nos mercados globais, as empresas s\u00e3o confrontadas com o desafio de inovar de forma cont\u00ednua, por forma a n\u00e3o perder relev\u00e2ncia.<\/p>\n<p>Neste contexto, a BYD destaca-se como um exemplo de aposta estrat\u00e9gica na investiga\u00e7\u00e3o e desenvolvimento, defendendo que a inova\u00e7\u00e3o constante <strong>n\u00e3o \u00e9 apenas uma vantagem competitiva, mas uma necessidade<\/strong> para garantir que os concorrentes n\u00e3o tenham apenas algo para copiar.<\/p>\n<p><a target=\"_blank\" href=\"https:\/\/pplware.sapo.pt\/wp-content\/uploads\/2025\/12\/byd_sealion7_pplware-10.jpeg\" onclick=\"refreshIframe()\" class=\"foobox\" rel=\"nofollow noopener\"><img loading=\"lazy\" decoding=\"async\" src=\"https:\/\/www.europesays.com\/pt\/wp-content\/uploads\/2026\/01\/byd_sealion7_pplware-10-720x405.jpeg\" alt=\"BYD Sealion 7\" width=\"720\" height=\"405\" class=\"aligncenter size-medium wp-image-1092516\"  \/><\/a><\/p>\n<p>Cultura interna de investiga\u00e7\u00e3o<\/p>\n<p>Numa <a target=\"_blank\" href=\"https:\/\/weibo.com\/5678938731\/QkXruBYpr\" rel=\"nofollow noopener\">entrevista<\/a> ao Dongfang Caijing, o diretor-geral de Marca e Rela\u00e7\u00f5es P\u00fablicas do Grupo BYD, Li Yunfei, falou sobre a cultura interna de investiga\u00e7\u00e3o da empresa e sobre a forma como a inova\u00e7\u00e3o tem moldado a evolu\u00e7\u00e3o da ind\u00fastria.<\/p>\n<p>Segundo Li, anteriormente, alguns rivais come\u00e7aram por criticar as op\u00e7\u00f5es t\u00e9cnicas da BYD, acabando, depois, por estud\u00e1-las e, no fim, tentar replic\u00e1-las.<\/p>\n<p>Este ciclo levou a debates internos sobre o valor de continuar a inovar quando os resultados s\u00e3o rapidamente copiados, conforme citado pelo CarNewsChina.<\/p>\n<p>Ainda assim, a conclus\u00e3o foi clara:<strong> sem inova\u00e7\u00e3o original, deixaria de existir qualquer base para imita\u00e7\u00e3o<\/strong>.<\/p>\n<p><a target=\"_blank\" href=\"https:\/\/pplware.sapo.pt\/wp-content\/uploads\/2025\/11\/BYD-ATTO-2-DM-i-2.jpg\" onclick=\"refreshIframe()\" class=\"foobox\" rel=\"nofollow noopener\"><img loading=\"lazy\" decoding=\"async\" src=\"https:\/\/www.europesays.com\/pt\/wp-content\/uploads\/2025\/11\/BYD-ATTO-2-DM-i-2-720x405.jpg\" alt=\"BYD ATTO 2 DM-i\" width=\"720\" height=\"405\" class=\"aligncenter size-medium wp-image-1090492\"  \/><\/a><\/p>\n<p>Avan\u00e7os tecnol\u00f3gicos de destaque<\/p>\n<p>O respons\u00e1vel da fabricante chinesa deu como exemplo o sistema de carregamento ultrarr\u00e1pido, apresentado pela <a target=\"_blank\" href=\"https:\/\/pplware.sapo.pt\/tag\/byd\/\" rel=\"nofollow noopener\">BYD<\/a> na primeira metade de 2025.<\/p>\n<p>Na sua perspetiva, a <strong>ind\u00fastria avan\u00e7a atrav\u00e9s de um processo competitivo<\/strong> em que diferentes empresas exploram novos indicadores e orienta\u00e7\u00f5es t\u00e9cnicas.<\/p>\n<p>A lideran\u00e7a muda ao longo do tempo e, geralmente, os concorrentes conseguem igualar determinados avan\u00e7os passados um a tr\u00eas anos.<\/p>\n<p><a target=\"_blank\" href=\"https:\/\/pplware.sapo.pt\/wp-content\/uploads\/2025\/12\/carregador_byd.jpg\" onclick=\"refreshIframe()\" class=\"foobox\" rel=\"nofollow noopener\"><img loading=\"lazy\" decoding=\"async\" src=\"https:\/\/www.europesays.com\/pt\/wp-content\/uploads\/2026\/01\/carregador_byd-720x405.jpg\" alt=\"\" width=\"720\" height=\"405\" class=\"aligncenter size-medium wp-image-1095375\"  \/><\/a><\/p>\n<p>O diretor-geral de Marca e Rela\u00e7\u00f5es P\u00fablicas do Grupo BYD recordou, tamb\u00e9m, v\u00e1rias \u00e1reas em que a BYD assumiu uma posi\u00e7\u00e3o pioneira, como as baterias de fosfato de ferro e l\u00edtio, a <a target=\"_blank\" href=\"https:\/\/pplware.sapo.pt\/motores\/super-hibridos-plug-in-byd-com-dm-i-o-que-torna-esta-tecnologia-tao-poderosa\/\" rel=\"nofollow noopener\">Tecnologia DM\u2011i<\/a> e os motores s\u00edncronos de \u00edmanes permanentes.<\/p>\n<p>Na entrevista, sublinhou que estas apostas resultaram de investiga\u00e7\u00e3o de longo prazo e <strong>n\u00e3o de decis\u00f5es orientadas apenas por tend\u00eancias<\/strong> imediatas de mercado.<\/p>\n<p>Envolvimento do fundador da BYD como fator-chave<\/p>\n<p>Outro ponto destacado foi o <strong>envolvimento direto do fundador e presidente da empresa<\/strong>, Wang Chuanfu, no desenvolvimento tecnol\u00f3gico.<\/p>\n<p><a target=\"_blank\" href=\"https:\/\/pplware.sapo.pt\/wp-content\/uploads\/2023\/08\/wang_chuanfu_byd00.jpg\" onclick=\"refreshIframe()\" class=\"foobox\" rel=\"nofollow noopener\"><img loading=\"lazy\" decoding=\"async\" aria-describedby=\"caption-attachment-940508\" src=\"https:\/\/www.europesays.com\/pt\/wp-content\/uploads\/2026\/01\/wang_chuanfu_byd00-720x405.jpg\" alt=\"Wang Chuanfu, fundador e presidente da BYD\" width=\"720\" height=\"405\" class=\"size-medium wp-image-940508\"  \/><\/a><\/p>\n<p id=\"caption-attachment-940508\" class=\"wp-caption-text\">Wang Chuanfu, fundador e presidente da BYD<\/p>\n<p>Segundo Li Yunfei, Wang participa regularmente em reuni\u00f5es t\u00e9cnicas e estrat\u00e9gicas ao longo de todo o dia, contribuindo para decis\u00f5es fundamentais atrav\u00e9s de discuss\u00f5es de engenharia aprofundadas, em vez de sess\u00f5es centradas exclusivamente no marketing ou no planeamento comercial.<\/p>\n<p>Durante essas reuni\u00f5es, Wang explica frequentemente princ\u00edpios t\u00e9cnicos com base em conceitos de f\u00edsica e qu\u00edmica.<\/p>\n<p>De acordo com Li Yunfei, esta abordagem baseada em princ\u00edpios fundamentais \u00e9 aplicada, tamb\u00e9m, a problemas pr\u00e1ticos, como a avalia\u00e7\u00e3o da capacidade das redes el\u00e9tricas no planeamento de infraestruturas de carregamento r\u00e1pido.<\/p>\n<p><a target=\"_blank\" href=\"https:\/\/pplware.sapo.pt\/wp-content\/uploads\/2025\/11\/fabrica_byd.jpg\" onclick=\"refreshIframe()\" class=\"foobox\" rel=\"nofollow noopener\"><img loading=\"lazy\" decoding=\"async\" src=\"https:\/\/www.europesays.com\/pt\/wp-content\/uploads\/2026\/01\/fabrica_byd-720x405.jpg\" alt=\"\" width=\"720\" height=\"405\" class=\"aligncenter size-medium wp-image-1089629\"  \/><\/a><\/p>\n<p>BYD aposta em patentes<\/p>\n<p>A aposta na investiga\u00e7\u00e3o comprova-se, tamb\u00e9m, pelos registos de patentes. Em dezembro de 2025, documentos publicados pela Administra\u00e7\u00e3o Nacional de Propriedade Intelectual da China, citados pelo mesmo \u00f3rg\u00e3o de comunica\u00e7\u00e3o, revelaram <a target=\"_blank\" href=\"https:\/\/carnewschina.com\/2025\/12\/14\/byd-advances-variable-flux-permanent-magnet-synchronous-motor-technology-patents-unveiled\/\" rel=\"nofollow noopener\">quatro patentes<\/a> da BYD relacionadas com motores s\u00edncronos de \u00edmanes permanentes de fluxo vari\u00e1vel.<\/p>\n<p>Estas descrevem m\u00e9todos para ajustar dinamicamente o fluxo magn\u00e9tico, melhorando a efici\u00eancia em diferentes condi\u00e7\u00f5es de funcionamento e representando mais um avan\u00e7o no design dos sistemas de tra\u00e7\u00e3o el\u00e9trica.<\/p>\n<p>A concorr\u00eancia na ind\u00fastria autom\u00f3vel<\/p>\n<p>Segundo Li Yunfei, a BYD espera que futuras inova\u00e7\u00f5es continuem a atrair aten\u00e7\u00e3o e imita\u00e7\u00e3o por parte do setor, tendo em conta que as <strong>encara como um resultado normal da concorr\u00eancia<\/strong>.<\/p>\n<p>Para a BYD, este processo contribui para o desenvolvimento global da ind\u00fastria e <strong>n\u00e3o deve ser encarado como uma quest\u00e3o de exclusividade<\/strong> tecnol\u00f3gica.<\/p>\n<p><a target=\"_blank\" href=\"https:\/\/pplware.sapo.pt\/wp-content\/uploads\/2025\/10\/BYD.jpg\" onclick=\"refreshIframe()\" class=\"foobox\" rel=\"nofollow noopener\"><img loading=\"lazy\" decoding=\"async\" src=\"https:\/\/www.europesays.com\/pt\/wp-content\/uploads\/2025\/12\/BYD-720x405.jpg\" alt=\"\" width=\"720\" height=\"405\" class=\"aligncenter size-medium wp-image-1081775\"  \/><\/a><\/p>\n<p>Estas declara\u00e7\u00f5es surgem num debate mais amplo sobre <strong>lideran\u00e7a e competi\u00e7\u00e3o tecnol\u00f3gica<\/strong> na ind\u00fastria autom\u00f3vel chinesa.<\/p>\n<p>Relatos anteriores j\u00e1 tinham apontado que, numa fase inicial do mercado, algumas fabricantes chinesas, incluindo a BYD, lan\u00e7aram modelos com elementos de design exterior semelhantes aos de marcas estrangeiras estabelecidas.<\/p>\n<p>Assim sendo, a posi\u00e7\u00e3o da BYD refor\u00e7a a ideia de que a<strong> inova\u00e7\u00e3o cont\u00ednua \u00e9 vista n\u00e3o apenas como uma vantagem competitiva, mas como um motor essencial para o progresso<\/strong> de todo o setor.<\/p>\n<p>Ao manter um forte investimento em investiga\u00e7\u00e3o e desenvolvimento, a empresa acredita que continuar\u00e1 a definir refer\u00eancias tecnol\u00f3gicas, mesmo sabendo que estas acabar\u00e3o por ser seguidas por outros.<\/p>\n<p>\u00a0<\/p>\n<p><strong>Leia tamb\u00e9m:<\/strong><\/p>\n","protected":false},"excerpt":{"rendered":"Um respons\u00e1vel da BYD defendeu que a inova\u00e7\u00e3o \u00e9 essencial para a sobreviv\u00eancia da ind\u00fastria autom\u00f3vel, alertando que,&hellip;\n","protected":false},"author":2,"featured_media":215242,"comment_status":"","ping_status":"","sticky":false,"template":"","format":"standard","meta":{"footnotes":""},"categories":[83],"tags":[88,3895,89,90,4703,32,33],"class_list":{"0":"post-215241","1":"post","2":"type-post","3":"status-publish","4":"format-standard","5":"has-post-thumbnail","7":"category-empresas","8":"tag-business","9":"tag-byd","10":"tag-economy","11":"tag-empresas","12":"tag-industria-automovel","13":"tag-portugal","14":"tag-pt"},"share_on_mastodon":{"url":"https:\/\/pubeurope.com\/@pt\/115839817833666607","error":""},"_links":{"self":[{"href":"https:\/\/www.europesays.com\/pt\/wp-json\/wp\/v2\/posts\/215241","targetHints":{"allow":["GET"]}}],"collection":[{"href":"https:\/\/www.europesays.com\/pt\/wp-json\/wp\/v2\/posts"}],"about":[{"href":"https:\/\/www.europesays.com\/pt\/wp-json\/wp\/v2\/types\/post"}],"author":[{"embeddable":true,"href":"https:\/\/www.europesays.com\/pt\/wp-json\/wp\/v2\/users\/2"}],"replies":[{"embeddable":true,"href":"https:\/\/www.europesays.com\/pt\/wp-json\/wp\/v2\/comments?post=215241"}],"version-history":[{"count":0,"href":"https:\/\/www.europesays.com\/pt\/wp-json\/wp\/v2\/posts\/215241\/revisions"}],"wp:featuredmedia":[{"embeddable":true,"href":"https:\/\/www.europesays.com\/pt\/wp-json\/wp\/v2\/media\/215242"}],"wp:attachment":[{"href":"https:\/\/www.europesays.com\/pt\/wp-json\/wp\/v2\/media?parent=215241"}],"wp:term":[{"taxonomy":"category","embeddable":true,"href":"https:\/\/www.europesays.com\/pt\/wp-json\/wp\/v2\/categories?post=215241"},{"taxonomy":"post_tag","embeddable":true,"href":"https:\/\/www.europesays.com\/pt\/wp-json\/wp\/v2\/tags?post=215241"}],"curies":[{"name":"wp","href":"https:\/\/api.w.org\/{rel}","templated":true}]}}