{"id":215246,"date":"2026-01-05T01:10:11","date_gmt":"2026-01-05T01:10:11","guid":{"rendered":"https:\/\/www.europesays.com\/pt\/215246\/"},"modified":"2026-01-05T01:10:11","modified_gmt":"2026-01-05T01:10:11","slug":"50-mil-afetados-por-apagao-em-temperaturas-negativas","status":"publish","type":"post","link":"https:\/\/www.europesays.com\/pt\/215246\/","title":{"rendered":"50 mil afetados por apag\u00e3o em temperaturas negativas"},"content":{"rendered":"<p>Dezenas de milhares de pessoas ficaram sem eletricidade no sudoeste de Berlim depois de um inc\u00eandio ter atingido infraestruturas da rede el\u00e9trica da capital alem\u00e3, numa altura marcada por temperaturas negativas e queda de neve. As autoridades acreditam que se trata de um ataque levado a cabo por extremistas de esquerda.<\/p>\n<p>Segundo a empresa operadora da rede, a Stromnetz Berlin, o fogo deflagrou na madrugada de s\u00e1bado numa passagem de cabos nas imedia\u00e7\u00f5es da central de eletricidade e aquecimento de Lichterfelde. O incidente provocou danos graves em v\u00e1rios cabos de alta tens\u00e3o e deixou entre 45 mil e 50 mil habita\u00e7\u00f5es sem fornecimento de energia.<\/p>\n<p><strong>Ao final da manh\u00e3 deste domingo, cerca de 35 mil casas e perto de 1.900 empresas continuavam afetadas<\/strong>, segundo a <a aria-label=\"content\" target=\"_blank\" href=\"https:\/\/www.reuters.com\/business\/energy\/berlin-power-grid-attack-caused-by-extreme-leftists-officials-say-2026-01-04\/\" rel=\"nofollow noopener\">ag\u00eancia Reuters<\/a>. A empresa admite que a reposi\u00e7\u00e3o total do servi\u00e7o s\u00f3 dever\u00e1 acontecer at\u00e9 quinta-feira, 8 de janeiro, sendo necess\u00e1ria a instala\u00e7\u00e3o de novos cabos. <\/p>\n<p>Al\u00e9m das casas sem luz, muitas tamb\u00e9m ficaram sem aquecimento. <strong>O apag\u00e3o afetou ainda as comunica\u00e7\u00f5es, com falhas nas redes de telefone fixo e m\u00f3vel, e levou ao encerramento de numerosas lojas. Doentes hospitalares e idosos em lares tiveram de ser transferidos para unidades situadas em zonas com eletricidade<\/strong>, conta o<a aria-label=\"content\" target=\"_blank\" href=\"https:\/\/elpais.com\/internacional\/2026-01-04\/un-incendio-deja-sin-luz-a-casi-50000-hogares-en-berlin.html\" rel=\"nofollow noopener\"> jornal El Pa\u00eds<\/a>.<\/p>\n<p>Pouco depois do ataque, meios de comunica\u00e7\u00e3o locais divulgaram uma carta assinada por um grupo de extrema-esquerda que se identifica como  \u201cVolcano Group\u201d, na qual \u00e9 reivindicada a autoria do sabotagem. O grupo afirma que a a\u00e7\u00e3o teve como alvo a ind\u00fastria energ\u00e9tica baseada em combust\u00edveis f\u00f3sseis.<\/p>\n<p>A ministra do Interior de Berlim, Iris Spranger, confirmou que as autoridades de seguran\u00e7a consideram a carta aut\u00eantica. \u201cCondeno firmemente este ataque desumano contra os habitantes de Berlim e os visitantes da cidade\u201d, escreveu numa publica\u00e7\u00e3o na rede social X, acrescentando que a investiga\u00e7\u00e3o est\u00e1 em curso.<\/p>\n<p>Berlim enfrenta uma vaga de frio intenso, com as previs\u00f5es meteorol\u00f3gicas a apontarem para novas quedas de neve a partir de meados da semana.<\/p>\n<p><strong>Esta n\u00e3o \u00e9 a primeira vez que a capital alem\u00e3 \u00e9 alvo de ataques deste g\u00e9nero.<\/strong> Em setembro do ano passado, um inc\u00eandio provocado em postes de eletricidade deixou cerca de 50 mil casas sem luz durante v\u00e1rios dias, ent\u00e3o ainda no ver\u00e3o. M\u00e9todos semelhantes aos usados num sabotagem \u00e0 f\u00e1brica da Tesla em Gruenheide, em 2024, tamb\u00e9m reivindicado pelo grupo Volcano.<\/p>\n","protected":false},"excerpt":{"rendered":"Dezenas de milhares de pessoas ficaram sem eletricidade no sudoeste de Berlim depois de um inc\u00eandio ter atingido&hellip;\n","protected":false},"author":2,"featured_media":215247,"comment_status":"","ping_status":"","sticky":false,"template":"","format":"standard","meta":{"footnotes":""},"categories":[8],"tags":[1305,9407,27,28,15,16,14,25,26,21,22,12,13,19,20,32,23,24,33,25020,11933,17,18,29,30,31],"class_list":{"0":"post-215246","1":"post","2":"type-post","3":"status-publish","4":"format-standard","5":"has-post-thumbnail","7":"category-principais-noticias","8":"tag-alemanha","9":"tag-berlim","10":"tag-breaking-news","11":"tag-breakingnews","12":"tag-featured-news","13":"tag-featurednews","14":"tag-headlines","15":"tag-latest-news","16":"tag-latestnews","17":"tag-main-news","18":"tag-mainnews","19":"tag-news","20":"tag-noticias","21":"tag-noticias-principais","22":"tag-noticiasprincipais","23":"tag-portugal","24":"tag-principais-noticias","25":"tag-principaisnoticias","26":"tag-pt","27":"tag-rede-eletrica","28":"tag-sabotagem","29":"tag-top-stories","30":"tag-topstories","31":"tag-ultimas","32":"tag-ultimas-noticias","33":"tag-ultimasnoticias"},"share_on_mastodon":{"url":"https:\/\/pubeurope.com\/@pt\/115839829527836721","error":""},"_links":{"self":[{"href":"https:\/\/www.europesays.com\/pt\/wp-json\/wp\/v2\/posts\/215246","targetHints":{"allow":["GET"]}}],"collection":[{"href":"https:\/\/www.europesays.com\/pt\/wp-json\/wp\/v2\/posts"}],"about":[{"href":"https:\/\/www.europesays.com\/pt\/wp-json\/wp\/v2\/types\/post"}],"author":[{"embeddable":true,"href":"https:\/\/www.europesays.com\/pt\/wp-json\/wp\/v2\/users\/2"}],"replies":[{"embeddable":true,"href":"https:\/\/www.europesays.com\/pt\/wp-json\/wp\/v2\/comments?post=215246"}],"version-history":[{"count":0,"href":"https:\/\/www.europesays.com\/pt\/wp-json\/wp\/v2\/posts\/215246\/revisions"}],"wp:featuredmedia":[{"embeddable":true,"href":"https:\/\/www.europesays.com\/pt\/wp-json\/wp\/v2\/media\/215247"}],"wp:attachment":[{"href":"https:\/\/www.europesays.com\/pt\/wp-json\/wp\/v2\/media?parent=215246"}],"wp:term":[{"taxonomy":"category","embeddable":true,"href":"https:\/\/www.europesays.com\/pt\/wp-json\/wp\/v2\/categories?post=215246"},{"taxonomy":"post_tag","embeddable":true,"href":"https:\/\/www.europesays.com\/pt\/wp-json\/wp\/v2\/tags?post=215246"}],"curies":[{"name":"wp","href":"https:\/\/api.w.org\/{rel}","templated":true}]}}