{"id":215258,"date":"2026-01-05T01:19:09","date_gmt":"2026-01-05T01:19:09","guid":{"rendered":"https:\/\/www.europesays.com\/pt\/215258\/"},"modified":"2026-01-05T01:19:09","modified_gmt":"2026-01-05T01:19:09","slug":"morreu-oscar-romero-irmao-de-merche-romero","status":"publish","type":"post","link":"https:\/\/www.europesays.com\/pt\/215258\/","title":{"rendered":"Morreu \u00d3scar Romero, irm\u00e3o de Merche Romero"},"content":{"rendered":"<p>Morreu <a href=\"https:\/\/selfie.iol.pt\/famosos\/oscar-romero\/oscar-romero-revela-como-perdeu-12-quilos-em-apenas-20-dias-veja-o-antes-e-depois\/20230421\/6442a4700cf2c84d7fd2862c\" target=\"_blank\" rel=\"nofollow noopener\">\u00d3scar Romero<\/a>, irm\u00e3o de <a href=\"https:\/\/selfie.iol.pt\/famosos\/ze-lopes\/merche-romero-e-bom-sentir-que-alguem-me-deu-esta-oportunidade\/20240802\/66acf75bd34ea1acf26cf1e4\" target=\"_blank\" rel=\"nofollow noopener\">Merche Romero<\/a>. A not\u00edcia est\u00e1 a ser avan\u00e7ada por v\u00e1rios amigos do artista atrav\u00e9s do Instagram.<\/p>\n<p>&#8220;Hoje recebi a noticia da tua partida, obrigado amigo pelo teu carinho, pela tua amizade e alegria. At\u00e9 um dia, amigo \u00d3scar&#8221;; &#8220;O c\u00e9u ganhou uma estrela enorme, um maravilhoso amigo. At\u00e9 um dia, \u00d3scar&#8221; e &#8220;\u00c9s uma estrela que vai brilhar para sempre. Vai estar sempre no meu cora\u00e7\u00e3o&#8221;, pode ler-se em algumas dessas publica\u00e7\u00f5es.<\/p>\n<p>A antiga atriz <a href=\"https:\/\/selfie.iol.pt\/famosos\/primeira-companhia\/lembra-se-da-1-companhia-recorde-quem-eram-os-concorrentes-e-quem-venceu\/20251106\/690ce454d34e3caad84afe0f\" target=\"_blank\" rel=\"nofollow noopener\">Cristina Areia<\/a> tamb\u00e9m prestou uma homenagem ao amigo. &#8220;Meu amor. Se as pessoas soubessem o qu\u00e3o maravilhoso sempre foste&#8221;, come\u00e7ou por referir a filha de <a href=\"https:\/\/selfie.iol.pt\/famosos\/carlos-areia\/carlos-areia-no-meio-desta-turbulencia-apanhei-gripe-a\/20261231\/69551766d34e2bd5c6d5af4f\" target=\"_blank\" rel=\"nofollow noopener\">Carlos Areia<\/a>, acrescentando: &#8220;Adeus, meu amigo. Nunca me vou esquecer de ti!&#8221;<\/p>\n<p><a href=\"https:\/\/www.cmjornal.pt\/vidas\/ultimas\/detalhe\/morreu-o-irmao-de-merche-romero?utm_medium=Social&amp;utm_campaign=Echobox&amp;utm_source=Facebook&amp;fbclid=IwY2xjawPH0EpleHRuA2FlbQIxMQBzcnRjBmFwcF9pZBAyMjIwMzkxNzg4MjAwODkyAAEexnHPmPxwQiq6vs0D29IPR1KdvJvvFMT4TXXHoDh9DJ-iNy-Pzpuhsla7C8Q_aem_h4Pvw0NnLdI8DBPh0wNNHw#Echobox=1767567224\" target=\"_blank\" rel=\"nofollow noopener\">De acordo com o site de O Correio da Manh\u00e3, \u00d3scar Romero n\u00e3o resistiu a um ataque card\u00edaco.<\/a><\/p>\n<blockquote class=\"instagram-media\" data-instgrm-captioned=\"\" data-instgrm-permalink=\"https:\/\/www.instagram.com\/p\/DTGnsLIiPY3\/?utm_source=ig_embed&amp;utm_campaign=loading\" data-instgrm-version=\"14\" style=\" background:#FFF; border:0; border-radius:3px; box-shadow:0 0 1px 0 rgba(0,0,0,0.5),0 1px 10px 0 rgba(0,0,0,0.15); margin: 1px; max-width:540px; min-width:326px; padding:0; width:99.375%; width:-webkit-calc(100% - 2px); width:calc(100% - 2px);\">\n<\/blockquote>\n<blockquote class=\"instagram-media\" data-instgrm-captioned=\"\" data-instgrm-permalink=\"https:\/\/www.instagram.com\/reel\/DTGmUaECLcn\/?utm_source=ig_embed&amp;utm_campaign=loading\" data-instgrm-version=\"14\" style=\" background:#FFF; border:0; border-radius:3px; box-shadow:0 0 1px 0 rgba(0,0,0,0.5),0 1px 10px 0 rgba(0,0,0,0.15); margin: 1px; max-width:540px; min-width:326px; padding:0; width:99.375%; width:-webkit-calc(100% - 2px); width:calc(100% - 2px);\">\n<\/blockquote>\n<p><img decoding=\"async\" alt=\"\" onclick=\"\" src=\"https:\/\/www.europesays.com\/pt\/wp-content\/uploads\/2026\/01\/1767575948_355_1024.jpeg\" title=\"Cristina Areia\"\/><\/p>\n<p><img decoding=\"async\" alt=\"\" onclick=\"\" src=\"https:\/\/www.europesays.com\/pt\/wp-content\/uploads\/2026\/01\/1767575949_667_1024.jpeg\" title=\"Cristina Areia\"\/><\/p>\n<p>                        <script async src=\"\/\/www.instagram.com\/embed.js\"><\/script><\/p>\n","protected":false},"excerpt":{"rendered":"Morreu \u00d3scar Romero, irm\u00e3o de Merche Romero. A not\u00edcia est\u00e1 a ser avan\u00e7ada por v\u00e1rios amigos do artista&hellip;\n","protected":false},"author":2,"featured_media":215259,"comment_status":"","ping_status":"","sticky":false,"template":"","format":"standard","meta":{"footnotes":""},"categories":[85],"tags":[114,115,981,980,1015,1339,6970,41971,619,41972,41970,32,33,1012],"class_list":{"0":"post-215258","1":"post","2":"type-post","3":"status-publish","4":"format-standard","5":"has-post-thumbnail","7":"category-entretenimento","8":"tag-entertainment","9":"tag-entretenimento","10":"tag-familia","11":"tag-famosos","12":"tag-instagram","13":"tag-luto","14":"tag-merche-romero","15":"tag-mortes-2026","16":"tag-nacional","17":"tag-obitos-2026","18":"tag-oscar-romero","19":"tag-portugal","20":"tag-pt","21":"tag-selfie"},"share_on_mastodon":{"url":"https:\/\/pubeurope.com\/@pt\/115839864939455541","error":""},"_links":{"self":[{"href":"https:\/\/www.europesays.com\/pt\/wp-json\/wp\/v2\/posts\/215258","targetHints":{"allow":["GET"]}}],"collection":[{"href":"https:\/\/www.europesays.com\/pt\/wp-json\/wp\/v2\/posts"}],"about":[{"href":"https:\/\/www.europesays.com\/pt\/wp-json\/wp\/v2\/types\/post"}],"author":[{"embeddable":true,"href":"https:\/\/www.europesays.com\/pt\/wp-json\/wp\/v2\/users\/2"}],"replies":[{"embeddable":true,"href":"https:\/\/www.europesays.com\/pt\/wp-json\/wp\/v2\/comments?post=215258"}],"version-history":[{"count":0,"href":"https:\/\/www.europesays.com\/pt\/wp-json\/wp\/v2\/posts\/215258\/revisions"}],"wp:featuredmedia":[{"embeddable":true,"href":"https:\/\/www.europesays.com\/pt\/wp-json\/wp\/v2\/media\/215259"}],"wp:attachment":[{"href":"https:\/\/www.europesays.com\/pt\/wp-json\/wp\/v2\/media?parent=215258"}],"wp:term":[{"taxonomy":"category","embeddable":true,"href":"https:\/\/www.europesays.com\/pt\/wp-json\/wp\/v2\/categories?post=215258"},{"taxonomy":"post_tag","embeddable":true,"href":"https:\/\/www.europesays.com\/pt\/wp-json\/wp\/v2\/tags?post=215258"}],"curies":[{"name":"wp","href":"https:\/\/api.w.org\/{rel}","templated":true}]}}