{"id":215266,"date":"2026-01-05T01:24:26","date_gmt":"2026-01-05T01:24:26","guid":{"rendered":"https:\/\/www.europesays.com\/pt\/215266\/"},"modified":"2026-01-05T01:24:26","modified_gmt":"2026-01-05T01:24:26","slug":"dinamarca-pede-aos-eua-respeito-total-pela-integridade-territorial-da-gronelandia-europa","status":"publish","type":"post","link":"https:\/\/www.europesays.com\/pt\/215266\/","title":{"rendered":"Dinamarca pede aos EUA &#8220;respeito total&#8221; pela integridade territorial da Gronel\u00e2ndia &#8211; Europa"},"content":{"rendered":"<p class=\"\">&#13;<br \/>\n        O embaixador da Dinamarca em Washington apelou hoje ao \u201crespeito total\u201d pela integridade da Gronel\u00e2ndia, ap\u00f3s um \u2018tweet\u2019 da mulher do diretor-adjunto de gabinete da Casa Branca, que partilhou uma fotografia do territ\u00f3rio aut\u00f3nomo dinamarqu\u00eas com a bandeira norte-americana.&#13;\n    <\/p>\n<p class=\"\">&#13;<br \/>\n        Katie Miller, mulher do diretor-adjunto de gabinete da Casa Branca, Stephen Miller, publicou no s\u00e1bado na conta pessoal na rede social X uma<b> fotografia da Gronel\u00e2ndia colorida com as cores da bandeira dos Estados Unidos, acompanhada de uma curta legenda em mai\u00fasculas: \u201csoon\u201d (em breve).<\/b>&#13;\n    <\/p>\n<p class=\"\">&#13;<br \/>\n        A Gronel\u00e2ndia \u00e9 cobi\u00e7ada por Donald Trump, para grande desapontamento da Dinamarca, e as tens\u00f5es entre os dois pa\u00edses foram reativadas pelo an\u00fancio, no final de dezembro, do Presidente norte-americano sobre a nomea\u00e7\u00e3o de um enviado especial para este vasto territ\u00f3rio aut\u00f3nomo dinamarqu\u00eas.&#13;\n    <\/p>\n<p class=\"\">&#13;<br \/>\n        \u201cUm pequeno lembrete amistoso aos Estados Unidos e ao Reino da Dinamarca: somos aliados pr\u00f3ximos e devemos continuar a trabalhar juntos como tal&#8221;, declarou Jesper Moller Sorensen, embaixador da Dinamarca nos Estados Unidos, em resposta \u00e0 publica\u00e7\u00e3o de Katie Miller.&#13;\n    <\/p>\n<p class=\"\">&#13;<br \/>\n        \u201cE sim, esperamos o respeito total pela integridade territorial do Reino da Dinamarca\u201d, acrescentou.&#13;\n    <\/p>\n<p class=\"\">&#13;<br \/>\n        <b>Katie Miller foi durante algum tempo conselheira e porta-voz da comiss\u00e3o para a efici\u00eancia governamental Doge,<\/b> ent\u00e3o dirigida por Elon Musk, antes de ser empregada pelo bilion\u00e1rio no sector privado.&#13;\n    <\/p>\n<p class=\"\">&#13;<br \/>\n        A publica\u00e7\u00e3o de Miller na rede social X surge ap\u00f3s o ex\u00e9rcito norte-americano ter capturado o Presidente venezuelano, Nicol\u00e1s Maduro, e respetiva mulher numa opera\u00e7\u00e3o realizada s\u00e1bado em Caracas.&#13;\n    <\/p>\n<p class=\"\">&#13;<br \/>\n        Especialistas consideram que a opera\u00e7\u00e3o na Venezuela funciona como um aviso aos aliados dos Estados Unidos preocupados com as amea\u00e7as de Trump de apoderar-se de recursos estrat\u00e9gicos, come\u00e7ando pela sua declarada inten\u00e7\u00e3o de anexar a Gronel\u00e2ndia.&#13;\n    <\/p>\n<p class=\"\">&#13;<br \/>\n        \u00a0&#13;\n    <\/p>\n<p class=\"\">&#13;<br \/>\n        \u00a0&#13;\n    <\/p>\n","protected":false},"excerpt":{"rendered":"&#13; O embaixador da Dinamarca em Washington apelou hoje ao \u201crespeito total\u201d pela integridade da Gronel\u00e2ndia, ap\u00f3s um&hellip;\n","protected":false},"author":2,"featured_media":207714,"comment_status":"","ping_status":"","sticky":false,"template":"","format":"standard","meta":{"footnotes":""},"categories":[8],"tags":[27,28,4639,92,584,235,15,16,6293,13033,14,25,26,21,22,12,3025,13,19,20,32,23,24,33,41973,41974,17,18,29,30,31],"class_list":{"0":"post-215266","1":"post","2":"type-post","3":"status-publish","4":"format-standard","5":"has-post-thumbnail","7":"category-principais-noticias","8":"tag-breaking-news","9":"tag-breakingnews","10":"tag-dinamarca","11":"tag-donald-trump","12":"tag-elon-musk","13":"tag-estados-unidos","14":"tag-featured-news","15":"tag-featurednews","16":"tag-forcas-armadas","17":"tag-gronelandia","18":"tag-headlines","19":"tag-latest-news","20":"tag-latestnews","21":"tag-main-news","22":"tag-mainnews","23":"tag-news","24":"tag-nicolas-maduro","25":"tag-noticias","26":"tag-noticias-principais","27":"tag-noticiasprincipais","28":"tag-portugal","29":"tag-principais-noticias","30":"tag-principaisnoticias","31":"tag-pt","32":"tag-reino-da-dinamarca","33":"tag-stephen-miller","34":"tag-top-stories","35":"tag-topstories","36":"tag-ultimas","37":"tag-ultimas-noticias","38":"tag-ultimasnoticias"},"share_on_mastodon":{"url":"","error":"Validation failed: Text character limit of 500 exceeded"},"_links":{"self":[{"href":"https:\/\/www.europesays.com\/pt\/wp-json\/wp\/v2\/posts\/215266","targetHints":{"allow":["GET"]}}],"collection":[{"href":"https:\/\/www.europesays.com\/pt\/wp-json\/wp\/v2\/posts"}],"about":[{"href":"https:\/\/www.europesays.com\/pt\/wp-json\/wp\/v2\/types\/post"}],"author":[{"embeddable":true,"href":"https:\/\/www.europesays.com\/pt\/wp-json\/wp\/v2\/users\/2"}],"replies":[{"embeddable":true,"href":"https:\/\/www.europesays.com\/pt\/wp-json\/wp\/v2\/comments?post=215266"}],"version-history":[{"count":0,"href":"https:\/\/www.europesays.com\/pt\/wp-json\/wp\/v2\/posts\/215266\/revisions"}],"wp:featuredmedia":[{"embeddable":true,"href":"https:\/\/www.europesays.com\/pt\/wp-json\/wp\/v2\/media\/207714"}],"wp:attachment":[{"href":"https:\/\/www.europesays.com\/pt\/wp-json\/wp\/v2\/media?parent=215266"}],"wp:term":[{"taxonomy":"category","embeddable":true,"href":"https:\/\/www.europesays.com\/pt\/wp-json\/wp\/v2\/categories?post=215266"},{"taxonomy":"post_tag","embeddable":true,"href":"https:\/\/www.europesays.com\/pt\/wp-json\/wp\/v2\/tags?post=215266"}],"curies":[{"name":"wp","href":"https:\/\/api.w.org\/{rel}","templated":true}]}}