{"id":215269,"date":"2026-01-05T01:30:14","date_gmt":"2026-01-05T01:30:14","guid":{"rendered":"https:\/\/www.europesays.com\/pt\/215269\/"},"modified":"2026-01-05T01:30:14","modified_gmt":"2026-01-05T01:30:14","slug":"rivellino-e-drauzio-varella-o-que-ver-na-tv-na-segunda-04-01-2026-ilustrada","status":"publish","type":"post","link":"https:\/\/www.europesays.com\/pt\/215269\/","title":{"rendered":"Rivellino e Drauzio Varella: o que ver na TV na segunda &#8211; 04\/01\/2026 &#8211; Ilustrada"},"content":{"rendered":"<p>Escrito e dirigido por Ari Aster, o filme &#8220;<a href=\"https:\/\/www1.folha.uol.com.br\/ilustrada\/2025\/11\/eddington-reforca-que-ari-aster-so-e-bom-em-seus-primeiros-minutos.shtml\" rel=\"nofollow noopener\" target=\"_blank\">Eddington<\/a>&#8221; \u00e9 um faroeste moderno que se passa durante a pandemia de <a href=\"https:\/\/www1.folha.uol.com.br\/cotidiano\/coronavirus\/\" rel=\"nofollow noopener\" target=\"_blank\">Covid-19<\/a> em uma pequena cidade no estado americano do Novo M\u00e9xico. Um impasse entre o xerife e o prefeito desencadeia uma escalada de tens\u00e3o que coloca vizinhos uns contra os outros e transforma o lugar em um campo de batalha moral e pol\u00edtico. Estrelado por Joaquin Phoenix e <a href=\"https:\/\/www1.folha.uol.com.br\/folha-topicos\/pedro-pascal\/\" rel=\"nofollow noopener\" target=\"_blank\">Pedro Pascal<\/a>, o filme tamb\u00e9m tem participa\u00e7\u00f5es de Austin Butler e <a href=\"https:\/\/www1.folha.uol.com.br\/folha-topicos\/emma-stone\/\" rel=\"nofollow noopener\" target=\"_blank\">Emma Stone<\/a>.<\/p>\n<p><strong>Onde:<\/strong> Lojas digitais, 18 anos<\/p>\n<p>Rivellino 80<\/p>\n<p><strong>Onde:<\/strong> <a href=\"https:\/\/www1.folha.uol.com.br\/folha-topicos\/tv-cultura\/\" rel=\"nofollow noopener\" target=\"_blank\">TV Cultura<\/a>, 20h, livre<\/p>\n<p>O document\u00e1rio celebra os 80 anos e o legado de <a href=\"https:\/\/www1.folha.uol.com.br\/esporte\/2015\/06\/1648507-rivellino-culpa-tite-e-diretoria-por-falta-de-planejamento-no-corinthians.shtml\" rel=\"nofollow noopener\" target=\"\">Roberto Rivellino<\/a> no <a href=\"https:\/\/www1.folha.uol.com.br\/folha-topicos\/futebol\/\" rel=\"nofollow noopener\" target=\"_blank\">futebol<\/a>, revisitando jogos hist\u00f3ricos, como Corinthians x Palmeiras, em 1971, e Brasil x Uruguai, em 1976, al\u00e9m de momentos marcantes de sua vida pessoal e profissional.<\/p>\n<p>Depois do Terremoto<\/p>\n<p><strong>Onde: <\/strong>Netflix, 14 anos<\/p>\n<p>O filme, de produ\u00e7\u00e3o japonesa, adapta a colet\u00e2nea de contos hom\u00f4nima de Haruki Murakami, conectando quatro pessoas que, ao longo de tr\u00eas d\u00e9cadas, enfrentam o luto e a esperan\u00e7a depois de tr\u00eas grandes eventos \u2014os terremotos de Kobe, em 1995, e de Tohoku, em 2011, e a pandemia de Covid-19, em 2020.<\/p>\n<p>Californication<\/p>\n<p><strong>Onde:<\/strong> Adrenalina Pura+, 18 anos<\/p>\n<p>De volta ao ar, a s\u00e9rie protagonizada por David Duchovny tem uma temporada nova na plataforma a cada segunda-feira de janeiro. Duchovny faz um escritor nova-iorquino, Hank Moody, que se muda para Los Angeles e passa a viver dividido entre seus v\u00edcios, conflitos com a ex-namorada e a filha e a busca por reden\u00e7\u00e3o pessoal.<\/p>\n<p>Margarida: Fa\u00e7a Sua Hist\u00f3ria Valer a Pena<\/p>\n<p><strong>Onde:<\/strong> HBO <a href=\"https:\/\/www1.folha.uol.com.br\/folha-topicos\/max\/\" rel=\"nofollow noopener\" target=\"_blank\">Max<\/a>, 10 anos<\/p>\n<p>Idealizada pela escritora argentina Cris Morena, a novela juvenil volta ao ambiente de &#8220;Floricienta&#8221; para contar a hist\u00f3ria de Margarida, uma adolescente sonhadora, filha de Floribella. Seu sonho \u00e9 formar uma banda e ser cantora de sucesso, sem saber que sua inimiga conspira contra ela. S\u00e3o 40 epis\u00f3dios.<\/p>\n<p>Chamas do Destino<\/p>\n<p><strong>Onde:<\/strong> TV <a href=\"https:\/\/www1.folha.uol.com.br\/folha-topicos\/record\/\" rel=\"nofollow noopener\" target=\"_blank\">Record<\/a>, 22h30, 16 anos<\/p>\n<p>Novela turca de 2020 que tem como tema principal a uni\u00e3o de tr\u00eas mulheres diante da viol\u00eancia dom\u00e9stica e das injusti\u00e7as sociais. Cemre tenta escapar de um casamento violento; Ruya questiona as atitudes do pai; e Cicek, que est\u00e1 prestes a se casar, perde sua identidade e beleza.<\/p>\n<p>Roda Viva<\/p>\n<p><strong>Onde:<\/strong> TV Cultura, 22h, livre<\/p>\n<p>O programa reprisa o epis\u00f3dio que foi ao ar em abril de 2025 com <a href=\"https:\/\/www1.folha.uol.com.br\/colunas\/drauziovarella\/\" rel=\"nofollow noopener\" target=\"\">Drauzio Varella<\/a>. Na ocasi\u00e3o, ele estava lan\u00e7ando seu livro sobre a Amaz\u00f4nia, &#8220;<a href=\"https:\/\/www1.folha.uol.com.br\/ambiente\/2025\/03\/somos-muito-ignorantes-em-relacao-a-floresta-amazonica-diz-drauzio-varella.shtml\" rel=\"nofollow noopener\" target=\"\">O Sentido das \u00c1guas<\/a>&#8220;, e se perguntava como passou 50 anos sem conhecer a <a href=\"https:\/\/www1.folha.uol.com.br\/folha-topicos\/floresta-amazonica\/\" rel=\"nofollow noopener\" target=\"\">floresta amaz\u00f4nica<\/a>.<\/p>\n","protected":false},"excerpt":{"rendered":"Escrito e dirigido por Ari Aster, o filme &#8220;Eddington&#8221; \u00e9 um faroeste moderno que se passa durante a&hellip;\n","protected":false},"author":2,"featured_media":215270,"comment_status":"","ping_status":"","sticky":false,"template":"","format":"standard","meta":{"footnotes":""},"categories":[142],"tags":[1685,114,115,236,524,1583,1627,1623,32,33,2568,940,218,151,8406],"class_list":{"0":"post-215269","1":"post","2":"type-post","3":"status-publish","4":"format-standard","5":"has-post-thumbnail","7":"category-tv","8":"tag-drauzio-varella","9":"tag-entertainment","10":"tag-entretenimento","11":"tag-folha","12":"tag-futebol","13":"tag-hbo-max","14":"tag-max","15":"tag-multitela","16":"tag-portugal","17":"tag-pt","18":"tag-record","19":"tag-streaming","20":"tag-televisao","21":"tag-tv","22":"tag-tv-cultura"},"share_on_mastodon":{"url":"https:\/\/pubeurope.com\/@pt\/115839908156125736","error":""},"_links":{"self":[{"href":"https:\/\/www.europesays.com\/pt\/wp-json\/wp\/v2\/posts\/215269","targetHints":{"allow":["GET"]}}],"collection":[{"href":"https:\/\/www.europesays.com\/pt\/wp-json\/wp\/v2\/posts"}],"about":[{"href":"https:\/\/www.europesays.com\/pt\/wp-json\/wp\/v2\/types\/post"}],"author":[{"embeddable":true,"href":"https:\/\/www.europesays.com\/pt\/wp-json\/wp\/v2\/users\/2"}],"replies":[{"embeddable":true,"href":"https:\/\/www.europesays.com\/pt\/wp-json\/wp\/v2\/comments?post=215269"}],"version-history":[{"count":0,"href":"https:\/\/www.europesays.com\/pt\/wp-json\/wp\/v2\/posts\/215269\/revisions"}],"wp:featuredmedia":[{"embeddable":true,"href":"https:\/\/www.europesays.com\/pt\/wp-json\/wp\/v2\/media\/215270"}],"wp:attachment":[{"href":"https:\/\/www.europesays.com\/pt\/wp-json\/wp\/v2\/media?parent=215269"}],"wp:term":[{"taxonomy":"category","embeddable":true,"href":"https:\/\/www.europesays.com\/pt\/wp-json\/wp\/v2\/categories?post=215269"},{"taxonomy":"post_tag","embeddable":true,"href":"https:\/\/www.europesays.com\/pt\/wp-json\/wp\/v2\/tags?post=215269"}],"curies":[{"name":"wp","href":"https:\/\/api.w.org\/{rel}","templated":true}]}}