{"id":215273,"date":"2026-01-05T01:32:07","date_gmt":"2026-01-05T01:32:07","guid":{"rendered":"https:\/\/www.europesays.com\/pt\/215273\/"},"modified":"2026-01-05T01:32:07","modified_gmt":"2026-01-05T01:32:07","slug":"michael-b-jordan-diz-que-interpretar-killmonger-o-fez-buscar-terapia","status":"publish","type":"post","link":"https:\/\/www.europesays.com\/pt\/215273\/","title":{"rendered":"Michael B. Jordan diz que interpretar Killmonger o fez buscar terapia"},"content":{"rendered":"<p class=\"wp-block-yoast-seo-estimated-reading-time yoast-reading-time__wrapper\">Estimated reading time: 2 minutos<\/p>\n<p>De acordo com uma entrevista do ator <strong>Michael B. Jordan<\/strong> para o CBS Sunday Morning, interpretar o personagem<strong> Erik Killmonger<\/strong> no primeiro filme do Pantera Negra fez o ator buscar terapia. Ao que parece,  mergulhar no personagem fez com que ele tivesse alguns problemas para deixar o papel:<\/p>\n<p><strong>\u201cFiz terapia, conversei sobre isso e encontrei uma maneira de relaxar. E acho que, naquele momento, eu ainda estava aprendendo que precisava me desvencilhar da personagem.\u201d<\/strong><\/p>\n<p>Voc\u00ea pode conferir a entrevista completa no v\u00eddeo abaixo, onde B. Jordan ainda fala sobre sair de sua zona de conforto ao interpretar os irm\u00e3os g\u00eameos no filme &#8220;Pecadores&#8221;:<\/p>\n<p>Leia mais sobre Pantera Negra<\/p>\n<p>Em entrevista com o\u00a0<a href=\"https:\/\/www.nytimes.com\/2025\/12\/10\/movies\/ryan-coogler-interview-sinners-black-panther.html\" target=\"_blank\" rel=\"noreferrer noopener nofollow\">New York Post<\/a>, o diretor\u00a0<strong>Ryan Coogler<\/strong>\u00a0revelou uma previs\u00e3o de lan\u00e7amento para\u00a0<a href=\"https:\/\/ovicio.com.br\/tag\/pantera-negra-3\/\" rel=\"nofollow noopener\" target=\"_blank\">Pantera Negra 3<\/a>, dizendo que a nova sequ\u00eancia deve ser lan\u00e7ada nos cinemas em 2028. Uma data de estreia mais espec\u00edfica ainda n\u00e3o foi definida.<\/p>\n","protected":false},"excerpt":{"rendered":"Estimated reading time: 2 minutos De acordo com uma entrevista do ator Michael B. Jordan para o CBS&hellip;\n","protected":false},"author":2,"featured_media":215274,"comment_status":"","ping_status":"","sticky":false,"template":"","format":"standard","meta":{"footnotes":""},"categories":[140],"tags":[114,115,41975,147,148,792,146,8745,32,33],"class_list":{"0":"post-215273","1":"post","2":"type-post","3":"status-publish","4":"format-standard","5":"has-post-thumbnail","7":"category-filmes","8":"tag-entertainment","9":"tag-entretenimento","10":"tag-erik-killmonger","11":"tag-film","12":"tag-filmes","13":"tag-marvel","14":"tag-movies","15":"tag-pantera-negra","16":"tag-portugal","17":"tag-pt"},"share_on_mastodon":{"url":"https:\/\/pubeurope.com\/@pt\/115839915976685417","error":""},"_links":{"self":[{"href":"https:\/\/www.europesays.com\/pt\/wp-json\/wp\/v2\/posts\/215273","targetHints":{"allow":["GET"]}}],"collection":[{"href":"https:\/\/www.europesays.com\/pt\/wp-json\/wp\/v2\/posts"}],"about":[{"href":"https:\/\/www.europesays.com\/pt\/wp-json\/wp\/v2\/types\/post"}],"author":[{"embeddable":true,"href":"https:\/\/www.europesays.com\/pt\/wp-json\/wp\/v2\/users\/2"}],"replies":[{"embeddable":true,"href":"https:\/\/www.europesays.com\/pt\/wp-json\/wp\/v2\/comments?post=215273"}],"version-history":[{"count":0,"href":"https:\/\/www.europesays.com\/pt\/wp-json\/wp\/v2\/posts\/215273\/revisions"}],"wp:featuredmedia":[{"embeddable":true,"href":"https:\/\/www.europesays.com\/pt\/wp-json\/wp\/v2\/media\/215274"}],"wp:attachment":[{"href":"https:\/\/www.europesays.com\/pt\/wp-json\/wp\/v2\/media?parent=215273"}],"wp:term":[{"taxonomy":"category","embeddable":true,"href":"https:\/\/www.europesays.com\/pt\/wp-json\/wp\/v2\/categories?post=215273"},{"taxonomy":"post_tag","embeddable":true,"href":"https:\/\/www.europesays.com\/pt\/wp-json\/wp\/v2\/tags?post=215273"}],"curies":[{"name":"wp","href":"https:\/\/api.w.org\/{rel}","templated":true}]}}