{"id":215275,"date":"2026-01-05T01:33:07","date_gmt":"2026-01-05T01:33:07","guid":{"rendered":"https:\/\/www.europesays.com\/pt\/215275\/"},"modified":"2026-01-05T01:33:07","modified_gmt":"2026-01-05T01:33:07","slug":"com-tres-portugueses-de-inicio-psg-vence-paris-fc","status":"publish","type":"post","link":"https:\/\/www.europesays.com\/pt\/215275\/","title":{"rendered":"Com tr\u00eas portugueses de in\u00edcio, PSG vence Paris FC"},"content":{"rendered":"<p>O Paris Saint-Germain levou a melhor sobre o Paris FC no d\u00e9rbi (literalmente) <a href=\"https:\/\/maisfutebol.iol.pt\/jogo\/aominuto\/13826370\" rel=\"nofollow noopener\" target=\"_blank\"><strong>com o vizinho do lado (2-1).<\/strong><\/a><\/p>\n<p>No primeiro jogo entre estas equipas parisienses em 47 anos (desde 17 de dezembro de 1978, na \u00fanica vez em que coincidiram na Liga francesa, que n\u00e3o se defrontaram), Nuno Mendes, Vitinha e Jo\u00e3o Neves foram titulares no Parque dos Pr\u00edncipes, numa partida que esteve longe de ser f\u00e1cil para os campe\u00f5es de Fran\u00e7a e da Europa, pese embora o dom\u00ednio.<\/p>\n<p>Dou\u00e9 inaugurou o marcador para a equipa da casa em cima do intervalo, mas aos 51m Geubbels empatou na convers\u00e3o de um pen\u00e1lti a castigar uma falta de Zabarnyi.<\/p>\n<p>O empate foi desfeito praticamente de imediato, j\u00e1 que aos 53m Demb\u00e9l\u00e9 fez o 2-1 final, num remate de p\u00e9 esquerdo que desviou num defesa e enganou Kevin Trapp, antigo guarda-redes do PSG.<\/p>\n<p>Quanto a portugueses, Gon\u00e7alo Ramos foi a jogo aos 70 minutos e Nuno Mendes foi substitu\u00eddo ao minuto 80.<\/p>\n<p>Com este resultado, o PSG <a href=\"https:\/\/maisfutebol.iol.pt\/resultadoseclassificacoes\/88\/franca\/ligue-1\" rel=\"nofollow noopener\" target=\"_blank\"><strong>soma agora 39 pontos na Liga francesa<\/strong><\/a> e segue no segundo lugar com menos um ponto do que o incr\u00edvel Lens, <a href=\"https:\/\/maisfutebol.iol.pt\/internacional\/franca\/franca-lens-fecha-primeira-volta-na-lideranca\" rel=\"nofollow noopener\" target=\"_blank\"><strong>que encerrou a primeira volta no topo<\/strong><\/a>.<\/p>\n","protected":false},"excerpt":{"rendered":"O Paris Saint-Germain levou a melhor sobre o Paris FC no d\u00e9rbi (literalmente) com o vizinho do lado&hellip;\n","protected":false},"author":2,"featured_media":215276,"comment_status":"","ping_status":"","sticky":false,"template":"","format":"standard","meta":{"footnotes":""},"categories":[87],"tags":[135,208,82,436,46,12863,32,1758,33,47,134],"class_list":{"0":"post-215275","1":"post","2":"type-post","3":"status-publish","4":"format-standard","5":"has-post-thumbnail","7":"category-desporto","8":"tag-desporto","9":"tag-franca","10":"tag-internacional","11":"tag-made-in","12":"tag-maisfutebol","13":"tag-paris-fc","14":"tag-portugal","15":"tag-psg","16":"tag-pt","17":"tag-pura-paixao","18":"tag-sports"},"share_on_mastodon":{"url":"https:\/\/pubeurope.com\/@pt\/115839919933710955","error":""},"_links":{"self":[{"href":"https:\/\/www.europesays.com\/pt\/wp-json\/wp\/v2\/posts\/215275","targetHints":{"allow":["GET"]}}],"collection":[{"href":"https:\/\/www.europesays.com\/pt\/wp-json\/wp\/v2\/posts"}],"about":[{"href":"https:\/\/www.europesays.com\/pt\/wp-json\/wp\/v2\/types\/post"}],"author":[{"embeddable":true,"href":"https:\/\/www.europesays.com\/pt\/wp-json\/wp\/v2\/users\/2"}],"replies":[{"embeddable":true,"href":"https:\/\/www.europesays.com\/pt\/wp-json\/wp\/v2\/comments?post=215275"}],"version-history":[{"count":0,"href":"https:\/\/www.europesays.com\/pt\/wp-json\/wp\/v2\/posts\/215275\/revisions"}],"wp:featuredmedia":[{"embeddable":true,"href":"https:\/\/www.europesays.com\/pt\/wp-json\/wp\/v2\/media\/215276"}],"wp:attachment":[{"href":"https:\/\/www.europesays.com\/pt\/wp-json\/wp\/v2\/media?parent=215275"}],"wp:term":[{"taxonomy":"category","embeddable":true,"href":"https:\/\/www.europesays.com\/pt\/wp-json\/wp\/v2\/categories?post=215275"},{"taxonomy":"post_tag","embeddable":true,"href":"https:\/\/www.europesays.com\/pt\/wp-json\/wp\/v2\/tags?post=215275"}],"curies":[{"name":"wp","href":"https:\/\/api.w.org\/{rel}","templated":true}]}}