{"id":215295,"date":"2026-01-05T01:47:07","date_gmt":"2026-01-05T01:47:07","guid":{"rendered":"https:\/\/www.europesays.com\/pt\/215295\/"},"modified":"2026-01-05T01:47:07","modified_gmt":"2026-01-05T01:47:07","slug":"o-agente-secreto-apos-critics-choice-filme-e-favorito-no-oscar","status":"publish","type":"post","link":"https:\/\/www.europesays.com\/pt\/215295\/","title":{"rendered":"O Agente Secreto | Ap\u00f3s Critics Choice, filme \u00e9 favorito no Oscar?"},"content":{"rendered":"<p><strong>O Agente Secreto<\/strong>, de <strong>Kleber Mendon\u00e7a Filho<\/strong>, venceu o <a href=\"https:\/\/www.omelete.com.br\/filmes\/critics-choice-2026-agente-secreto\" rel=\"nofollow noopener\" target=\"_blank\"><strong>Critics Choice Awards 2026<\/strong> de Melhor Filme Estrangeiro<\/a> e agora a pergunta que n\u00e3o quer calar \u00e9: o Brasil vai ganhar o Oscar de novo? O Omelete explica mais sobre as chances do filme na maior premia\u00e7\u00e3o do cinema mundial, ap\u00f3s essa vit\u00f3ria.<\/p>\n<p>O longa, que foi premiado no in\u00edcio de 2025 em Cannes na categoria de Melhor Ator (<strong>Wagner Moura<\/strong>) e Melhor Diretor (Kl\u00e9ber Mendon\u00e7a Filho), empilhou nomea\u00e7\u00f5es e pr\u00eamios ao longo de 2025 &#8211; entre eles o National Society of Film Critics, o pr\u00eamio nacional da cr\u00edtica dos EUA. Al\u00e9m deste, O Agente Secreto tamb\u00e9m ganhou em premia\u00e7\u00f5es dos Sindicatos de Nova York, Los Angeles, mas perdeu o National Board of Critics, que ficou com Foi Apenas um Acidente &#8211; longa iraniano que \u00e9 um de seus principais concorrentes no Oscar, ao lado do noruegu\u00eas Valor Sentimental.<\/p>\n<p>Dessa forma, pode-se assumir que O Agente Secreto entra como um dos favoritos no Oscar, j\u00e1 que dos 5 principais pr\u00eamios da cr\u00edtica americana, ele levou 4. \u00c9 bom lembrar, por\u00e9m, que os votantes do Oscar s\u00e3o outros e n\u00e3o \u00e9 incomum que haja diferen\u00e7a entre as premia\u00e7\u00f5es. De toda forma, o filme brasileiro, que ainda pode levar o Globo de Ouro, ganhou ligeiramente a dianteira na disputa da Academia, j\u00e1 que essas vit\u00f3rias oferecem espa\u00e7o e m\u00eddia para o t\u00edtulo, e pode ajudar a Neon, distribuidora do filme (e de outros 4 candidatos na categoria), a prioriza-lo na disputa do Oscar.<\/p>\n<p>            Continua depois da Publicidade<\/p>\n<p>A cerim\u00f4nia do Oscar ser\u00e1 realizada em Los Angeles, no dia 15 de mar\u00e7o.<\/p>\n<p>    <strong>Tudo sobre\u00a0O Agente Secreto<\/strong><\/p>\n<p data-gtm-vis-first-on-screen67967661_30=\"2275\" data-gtm-vis-has-fired67967661_30=\"1\" data-gtm-vis-recent-on-screen67967661_30=\"2275\" data-gtm-vis-total-visible-time67967661_30=\"100\">Ambientado em Recife, em 1977, o longa acompanha Marcelo (Wagner Moura), um especialista em tecnologia que retorna a Recife ap\u00f3s anos fora em busca de paz, apenas para descobrir que sua cidade natal esconde perigos e segredos inquietantes.<\/p>\n<p data-gtm-vis-first-on-screen67967661_30=\"2275\" data-gtm-vis-has-fired67967661_30=\"1\" data-gtm-vis-total-visible-time67967661_30=\"100\">A obra tra\u00e7a um panorama da sociedade e da pol\u00edtica brasileira nos anos 70, tocando atrav\u00e9s dele em temas como repress\u00e3o pol\u00edtica, restri\u00e7\u00e3o de direitos e o uso da tecnologia como ferramenta do controle totalit\u00e1rio.<\/p>\n<p>            Continua depois da Publicidade<\/p>\n<p data-gtm-vis-first-on-screen67967661_30=\"2275\" data-gtm-vis-has-fired67967661_30=\"1\" data-gtm-vis-total-visible-time67967661_30=\"100\">O elenco do thriller pol\u00edtico re\u00fane ainda grandes nomes do cinema brasileiro, incluindo\u00a0<strong>Maria Fernanda C\u00e2ndido<\/strong>,\u00a0<strong>Gabriel Leone<\/strong>,\u00a0<strong>Carlos Francisco<\/strong>,\u00a0<strong>Alice Carvalho<\/strong>,<strong>\u00a0Roberto Diogenes<\/strong>,\u00a0<strong>Hermila Guedes<\/strong>, entre outros.\u00a0<strong>Udo Kier<\/strong>, de\u00a0<strong>Bacurau<\/strong>, tamb\u00e9m est\u00e1 no filme. A dire\u00e7\u00e3o \u00e9 de Kleber Mendon\u00e7a Filho, que tamb\u00e9m assina o roteiro.<\/p>\n<p data-gtm-vis-first-on-screen67967661_30=\"2275\" data-gtm-vis-has-fired67967661_30=\"1\" data-gtm-vis-total-visible-time67967661_30=\"100\">No\u00a0<strong>Festival de Cannes<\/strong>\u00a0deste ano,\u00a0O Agente Secreto\u00a0teve um resultado hist\u00f3rico, levando para casa dois trof\u00e9us: Kleber Mendon\u00e7a Filho venceu o pr\u00eamio de Melhor Dire\u00e7\u00e3o, e Wagner Moura recebeu o pr\u00eamio de Melhor Ator. Por l\u00e1, o filme tamb\u00e9m levou a Premia\u00e7\u00e3o de Cinema de Arte e o pr\u00eamio da cr\u00edtica da FIPRESCI.<\/p>\n<p data-gtm-vis-first-on-screen67967661_30=\"2275\" data-gtm-vis-has-fired67967661_30=\"1\" data-gtm-vis-total-visible-time67967661_30=\"100\">O filme est\u00e1 em cartaz nos cinemas do Brasil,\u00a0com distribui\u00e7\u00e3o da\u00a0<strong>Vitrine Filmes<\/strong>.<\/p>\n","protected":false},"excerpt":{"rendered":"O Agente Secreto, de Kleber Mendon\u00e7a Filho, venceu o Critics Choice Awards 2026 de Melhor Filme Estrangeiro e&hellip;\n","protected":false},"author":2,"featured_media":215296,"comment_status":"","ping_status":"","sticky":false,"template":"","format":"standard","meta":{"footnotes":""},"categories":[140],"tags":[114,115,147,148,146,32,33],"class_list":{"0":"post-215295","1":"post","2":"type-post","3":"status-publish","4":"format-standard","5":"has-post-thumbnail","7":"category-filmes","8":"tag-entertainment","9":"tag-entretenimento","10":"tag-film","11":"tag-filmes","12":"tag-movies","13":"tag-portugal","14":"tag-pt"},"share_on_mastodon":{"url":"https:\/\/pubeurope.com\/@pt\/115839975254422978","error":""},"_links":{"self":[{"href":"https:\/\/www.europesays.com\/pt\/wp-json\/wp\/v2\/posts\/215295","targetHints":{"allow":["GET"]}}],"collection":[{"href":"https:\/\/www.europesays.com\/pt\/wp-json\/wp\/v2\/posts"}],"about":[{"href":"https:\/\/www.europesays.com\/pt\/wp-json\/wp\/v2\/types\/post"}],"author":[{"embeddable":true,"href":"https:\/\/www.europesays.com\/pt\/wp-json\/wp\/v2\/users\/2"}],"replies":[{"embeddable":true,"href":"https:\/\/www.europesays.com\/pt\/wp-json\/wp\/v2\/comments?post=215295"}],"version-history":[{"count":0,"href":"https:\/\/www.europesays.com\/pt\/wp-json\/wp\/v2\/posts\/215295\/revisions"}],"wp:featuredmedia":[{"embeddable":true,"href":"https:\/\/www.europesays.com\/pt\/wp-json\/wp\/v2\/media\/215296"}],"wp:attachment":[{"href":"https:\/\/www.europesays.com\/pt\/wp-json\/wp\/v2\/media?parent=215295"}],"wp:term":[{"taxonomy":"category","embeddable":true,"href":"https:\/\/www.europesays.com\/pt\/wp-json\/wp\/v2\/categories?post=215295"},{"taxonomy":"post_tag","embeddable":true,"href":"https:\/\/www.europesays.com\/pt\/wp-json\/wp\/v2\/tags?post=215295"}],"curies":[{"name":"wp","href":"https:\/\/api.w.org\/{rel}","templated":true}]}}