{"id":215297,"date":"2026-01-05T01:48:36","date_gmt":"2026-01-05T01:48:36","guid":{"rendered":"https:\/\/www.europesays.com\/pt\/215297\/"},"modified":"2026-01-05T01:48:36","modified_gmt":"2026-01-05T01:48:36","slug":"afonso-eulalio-bahrain-o-mundial-foi-o-limite","status":"publish","type":"post","link":"https:\/\/www.europesays.com\/pt\/215297\/","title":{"rendered":"Afonso Eul\u00e1lio (Bahrain): &#8220;O Mundial foi o limite&#8221;"},"content":{"rendered":"<p>TopCycling em Espanha com Afonso Eul\u00e1lio para analisar a \u00e9poca de estreia no WorldTour e o que vai mudar em 2026 para o ciclista da Bahrain.<\/p>\n<p>Pelo segundo ano consecutivo, o TopCycling visitou Afonso Eul\u00e1lio em Altea, na Comunidade Valenciana, no <strong><a href=\"https:\/\/www.youtube.com\/watch?v=4i4wLHSB5Og&amp;t=185s\" target=\"_blank\" rel=\"noreferrer noopener nofollow\">hotel de ciclismo Cap Negret<\/a><\/strong>, a segunda casa da Bahrain Victorious.<\/p>\n<p>Com vista para o mar Mediterr\u00e2neo, sentamo-nos \u00e0 conversa num bonito e ameno final de tarde com o p\u00f4r do sol em pano de fundo.<\/p>\n<p>Afonso Eul\u00e1lio apareceu antes do previsto e com a boa onda habitual, que contagia quem o rodeia. Tanto foi assim que come\u00e7amos dois \u00e0 mesa e acabamos na companhia de Lenny Martinez e de Antonio Tiberi.<\/p>\n<p>Um franc\u00eas e um italiano, que foram surpreendidos pelo talento do portugu\u00eas que <strong><a href=\"https:\/\/www.topcycling.pt\/afonso-eulalio-na-montra-mundial\/\" target=\"_blank\" rel=\"noreferrer noopener nofollow\">em 2022 se colocou na montra mundial<\/a><\/strong>.<\/p>\n<blockquote class=\"wp-block-quote\">\n<p>\u201cFoi um processo r\u00e1pido. Voc\u00eas t\u00eam o Jo\u00e3o Almeida e outros nomes que de sucesso no ciclismo profissional. Quando me disseram que vinha um jovem portugu\u00eas fiquei curioso porque temos a mesma idade. Vi logo que era um tipo muito natural, um pouco como eu, n\u00e3o se foca s\u00f3 no trabalho. Fizemos o Giro juntos, foi a estreia dele em Grandes Voltas e esteve ainda melhor do que eu na minha primeira grande, que foi a Vuelta. Fiquei contente por ele.\u201d<\/p>\n<p>Antonio Tiberi ao TopCycling.<\/p><\/blockquote>\n<blockquote class=\"wp-block-quote\">\n<p>\u201cO Eul\u00e1lio \u00e9 o segundo melhor portugu\u00eas. Tamb\u00e9m \u00e9 um grande amigo. \u00c9 fort\u00edssimo, fechou nos oito primeiros no Mundial. N\u00e3o o conhecia, mas tem grande potencial. \u00c9 jovem, como eu, se calhar daqui a cinco ou dez anos, quando formos grandes corredores, vamos recordar esta etapa.\u201d<\/p>\n<p>Lenny Martinez ao TopCycling.<\/p><\/blockquote>\n<p><strong><a href=\"https:\/\/www.youtube.com\/watch?v=4i4wLHSB5Og&amp;t=185s\" target=\"_blank\" rel=\"noreferrer noopener nofollow\">V\u00eddeo | Hotel Cap Negret \u2013 Um hotel de sonho para ciclistas<\/a><\/strong><a href=\"https:\/\/www.youtube.com\/@topcyclingpt\" rel=\"nofollow noopener\" target=\"_blank\"><\/p>\n<p><img decoding=\"async\" loading=\"lazy\" width=\"1000\" height=\"750\" src=\"https:\/\/www.europesays.com\/pt\/wp-content\/uploads\/2026\/01\/Bianchi-bahrain-2026-2-edited.jpg\" alt=\"\" class=\"wp-image-57622\"  \/>A Bianchi sucede \u00e0 Merida, parceira da Bahrain ao longo de nove \u00e9pocas.<\/p>\n<p>\u201cCaruso \u00e9 mesmo o capit\u00e3o\u201c<\/p>\n<p>Ap\u00f3s um ano longo, que incluiu <strong><a href=\"https:\/\/www.topcycling.pt\/afonso-eulalio-o-ano-do-conquistador-da-bahrain\/\" target=\"_blank\" rel=\"noreferrer noopener nofollow\">corridas em cinco continentes<\/a><\/strong>, Afonso Eul\u00e1lio conquistou o seu espa\u00e7o na estrutura asi\u00e1tica.<\/p>\n<p>A \u00e9poca de estreia no WorldTour come\u00e7ou muito cedo \u2013 em janeiro, no <strong><a href=\"https:\/\/www.topcycling.pt\/afonso-eulalio-top-15-na-estreia-no-worldtour\/\" target=\"_blank\" rel=\"noreferrer noopener nofollow\">Tour Down Under<\/a><\/strong> \u2013 e prolongou-se at\u00e9 meados de outubro \u2013 com a Japan Cup.<\/p>\n<p>Foi fundamental voltar a casa e fazer um reset ao corpo e \u00e0 mente, ap\u00f3s 10 727 quil\u00f3metros percorridos em\u00a068\u00a0dias de competi\u00e7\u00e3o, incluindo nas estradas italianas gra\u00e7as \u00e0 <strong><a href=\"https:\/\/www.topcycling.pt\/afonso-eulalio-conquista-a-montagna-pantani-no-giro\/\" target=\"_blank\" rel=\"noreferrer noopener nofollow\">estreia em Grandes Voltas<\/a><\/strong>, que aconteceu no Giro de It\u00e1lia.<\/p>\n<blockquote class=\"wp-block-quote\">\n<p>\u201cFiz muitas corridas de uma semana e pelo cansa\u00e7o nem consegui preparar o Giro. Foi correr, correr, correr.\u201d<\/p>\n<p>Afonso Eul\u00e1lio ao TopCycling.<\/p><\/blockquote>\n<p>No fundo, 2025 foi um ano de aprendizagem, no qual o portugu\u00eas passou meio ano fora de casa.<\/p>\n<p>A adapta\u00e7\u00e3o ao WorldTour foi facilitada pela presen\u00e7a de l\u00edderes como Damiano Caruso, com quem Afonso Eul\u00e1lio correu o Giro. O italiano, de 38 anos, foi 2\u00ba classificado na prova italiana em 2021 e o conhecimento de 16 \u00e9pocas como profissional foi posto \u00e0 disposi\u00e7\u00e3o do no<\/p>\n<blockquote class=\"wp-block-quote\">\n<p>\u201cCaruso \u00e9 mesmo o capit\u00e3o, na bicicleta e fora dela. Vou outra vez correr com ele o Giro e parece que este ano vai mesmo ser o \u00faltimo ano. Penso que vai terminar no Tour. \u00c9 muito inteligente, tem muitos anos de ciclismo. N\u00e3o posso dizer \u2013 \u201caprendi isto\u201d; \u00e9 a forma como evolu\u00edmos na corrida, como trabalhamos, como corremos.<\/p>\n<p>Afonso Eul\u00e1lio ao TopCycling.<\/p><\/blockquote>\n<p><strong><a href=\"https:\/\/www.topcycling.pt\/sete-portugueses-no-ciclismo-worldtour-em-2026\/\" target=\"_blank\" rel=\"noreferrer noopener nofollow\">Ler mais | Sete portugueses no ciclismo WorldTour em 2026<\/a><\/strong><\/p>\n<p><img decoding=\"async\" loading=\"lazy\" width=\"1500\" height=\"999\" src=\"https:\/\/www.europesays.com\/pt\/wp-content\/uploads\/2026\/01\/GM102701.jpg\" alt=\"\" class=\"wp-image-50782\"  \/>Ao coroar o Mortirolo na frente, Eul\u00e1lio recebeu o pr\u00e9mio Montanha Pantani.<br \/>Foto: Zac Williams<\/p>\n<p>Foi ao Giro \u201cabrir o motor\u201d <\/p>\n<p>Segue-se uma temporada diferente, de maior exig\u00eancia, mas tamb\u00e9m preparada em conson\u00e2ncia com a dire\u00e7\u00e3o desportiva da Bahrain.<\/p>\n<p>Em 2026, vamos ver um Afonso Eul\u00e1lio com gal\u00f5es para liderar a equipa em certos momentos da temporada. O objetivo principal \u00e9 o <strong><a href=\"https:\/\/www.topcycling.pt\/conhece-o-percurso-do-giro-ditalia-de-2026\/\" target=\"_blank\" rel=\"noreferrer noopener nofollow\">Giro de It\u00e1lia<\/a><\/strong>, naquela que ser\u00e1 a segunda presen\u00e7a consecutiva na prova.<\/p>\n<p>Confiram o calend\u00e1rio de Afonso Eul\u00e1lio para a primeira parte da temporada.<\/p>\n<ul>\n<li><strong>Alula Tour<\/strong><\/li>\n<li><strong>UAE Tour<\/strong><\/li>\n<li><strong>Strade Bianche<\/strong><\/li>\n<li><strong>Volta \u00e0 Catalunha<\/strong><\/li>\n<li><strong>Li\u00e8ge-Bastgone-Li\u00e8ge<\/strong><\/li>\n<li><strong>Giro de It\u00e1lia<\/strong><\/li>\n<\/ul>\n<blockquote class=\"wp-block-quote\">\n<p>\u201cEste ano vai ser a primeira vez que temos as coisas mais planeadas. Consegui fazer o calend\u00e1rio com a equipa, conciliando as coisas como eu gosto e como eles precisavam. Acabo por ir mais motivado para as corridas. Onde quero estar mesmo bem \u00e9 na Strade e na Catalunha; depois quero preparar bem o Giro. Mas a equipa tamb\u00e9m quer que eu esteja bem em Alula e depois no UAE, nesta \u00faltima para ajudar o Tiberi. A minha ideia \u00e9 ir pouco a pouco porque s\u00e3o cinco meses de competi\u00e7\u00e3o.\u201d<\/p>\n<p>Afonso Eul\u00e1lio ao TopCycling.<\/p><\/blockquote>\n<p>Foi importante ter feito uma corrida de tr\u00eas semanas logo na \u00e9poca de estreia no WorldTour. Como se diz na g\u00edria, o figueirense foi ao Giro \u201cabrir o motor\u201d e sentiu imediatamente os benef\u00edcios desse esfor\u00e7o.<\/p>\n<p>At\u00e9 podia ter ganho a <strong><a href=\"https:\/\/www.topcycling.pt\/giro-de-italia-etapa-17-afonso-eulalio-rei-do-mortirolo\/\" target=\"_blank\" rel=\"noreferrer noopener nofollow\">17\u00aa etapa<\/a><\/strong>, que finalizou em Bormio, mas a Bahrain teve medo. Afonso Eul\u00e1lio coroou o Mortirolo na frente, atacou a solo, mas com 48 quil\u00f3metros at\u00e9 \u00e0 meta a equipa optou por uma abordagem conservadora.<\/p>\n<blockquote class=\"wp-block-quote\">\n<p>\u201cA minha ideia era ir a solo, mas a equipa n\u00e3o quis arriscar de t\u00e3o longe. Tinha acabado de chegar e de andar bem na Austr\u00e1lia, mas eles tiveram medo que eu fosse a solo. Estavam sempre \u00e0 espera do grupo que vinha atr\u00e1s e acabamos por perder muito tempo. Depois de ter recuperado do Giro fui a minha melhor vers\u00e3o de sempre. Em 2026, a \u00fanica coisa que vai mudar \u00e9 a equipa dar-me mais liberdade para fazer a minha corrida. Levamos o Santiago Buitrago para a geral, vai tamb\u00e9m o Damiano Caruso, mas vou ter maior liberdade, o que faz muita diferen\u00e7a.\u201d<\/p>\n<p>Afonso Eul\u00e1lio ao TopCycling.<\/p><\/blockquote>\n<p><strong><a href=\"https:\/\/www.topcycling.pt\/conhece-o-percurso-do-giro-ditalia-de-2026\/\" target=\"_blank\" rel=\"noreferrer noopener nofollow\">Ler mais | Conhece o percurso do Giro d\u2019It\u00e1lia de 2026<\/a><\/strong><\/p>\n<p><img decoding=\"async\" loading=\"lazy\" width=\"1000\" height=\"1500\" src=\"https:\/\/www.europesays.com\/pt\/wp-content\/uploads\/2026\/01\/Eulalio-Afonso-bahrain-sprint-cycling.jpg\" alt=\"\" class=\"wp-image-57573\"  \/>O azul predomina no equipamento da Bahrain para 2026.<br \/>Foto: Luca Bettini\/SprintCyclingAgency<\/p>\n<p>Como ser\u00e1 a temporada ap\u00f3s maio? <\/p>\n<p>Agora, o objetivo \u00e9 continuar a crescer e a equipa pede-lhe que ven\u00e7a. Uma corrida, uma etapa, mas que ven\u00e7a.<\/p>\n<p>Na Bahrain, todos ficaram impressionados com o top 10 que o rookie fez no <strong><a href=\"https:\/\/www.topcycling.pt\/campeonato-do-mundo-2025-pogacar-repete-vallieres-surpreende-e-eulalio-brilha\/\" target=\"_blank\" rel=\"noreferrer noopener nofollow\">Mundial do Ruanda<\/a><\/strong>, numa corrida que s\u00f3 30 atletas conclu\u00edram.<\/p>\n<blockquote class=\"wp-block-quote\">\n<p>\u201cNo ano passado podia estar tranquilo e descolar a 100 quil\u00f3metros da meta que estava tudo bem. Agora vou ter mais press\u00e3o, mas as coisas tamb\u00e9m est\u00e3o pensadas para correr melhor e n\u00e3o ter essa irregularidade. Comecei a segunda parte do ano em Burgos e depois n\u00e3o tinha calend\u00e1rio certo. A equipa queria sempre mais e mais; comecei em Burgos, depois fui a Fran\u00e7a, Inglaterra, Canad\u00e1, Mundial, cl\u00e1ssicas italianas, por isso n\u00e3o fiz o Europeu. O Mundial foi o limite, nas outras provas estava bem, mas n\u00e3o sentia pot\u00eancia e n\u00e3o fazia diferen\u00e7as.\u201d<\/p>\n<p>Afonso Eul\u00e1lio ao TopCycling.<\/p><\/blockquote>\n<p>Como ser\u00e1 a temporada ap\u00f3s maio? Por agora, h\u00e1 duas hip\u00f3teses em aberto: optar por um calend\u00e1rio parecido com o de 2025 \u2013 cl\u00e1ssicas italianas de outono, cl\u00e1ssicas do Canad\u00e1 e ficar em Montreal para correr o Mundial \u2013 ou preparar a <strong><a href=\"https:\/\/www.topcycling.pt\/la-vuelta-26-o-percurso-para-joao-almeida-tentar-escrever-historia\/\" target=\"_blank\" rel=\"noreferrer noopener nofollow\">Vuelta a Espanha<\/a><\/strong>.<\/p>\n<p><strong><a href=\"https:\/\/www.topcycling.pt\/ciclistas-portugueses-ganham-espaco-no-worldtour\/\" target=\"_blank\" rel=\"noreferrer noopener nofollow\">An\u00e1lise | De Continentais ao WorldTour nos \u00faltimos 15 anos<\/a><\/strong><\/p>\n<p>Este \u00e9 um artigo premium subscritor.&#13;<br \/>\nSubscreve a nossa Newsletter, \u00e9 gr\u00e1tis, tens acesso a todo o conte\u00fado e est\u00e1s a apoiar o projeto.<\/p>\n","protected":false},"excerpt":{"rendered":"TopCycling em Espanha com Afonso Eul\u00e1lio para analisar a \u00e9poca de estreia no WorldTour e o que vai&hellip;\n","protected":false},"author":2,"featured_media":215298,"comment_status":"","ping_status":"","sticky":false,"template":"","format":"standard","meta":{"footnotes":""},"categories":[87],"tags":[22632,135,41979,13,32,11505,33,134,12906],"class_list":{"0":"post-215297","1":"post","2":"type-post","3":"status-publish","4":"format-standard","5":"has-post-thumbnail","7":"category-desporto","8":"tag-afonso-eulalio","9":"tag-desporto","10":"tag-giro-italia","11":"tag-noticias","12":"tag-portugal","13":"tag-premium","14":"tag-pt","15":"tag-sports","16":"tag-world-tour"},"share_on_mastodon":{"url":"https:\/\/pubeurope.com\/@pt\/115839978944680674","error":""},"_links":{"self":[{"href":"https:\/\/www.europesays.com\/pt\/wp-json\/wp\/v2\/posts\/215297","targetHints":{"allow":["GET"]}}],"collection":[{"href":"https:\/\/www.europesays.com\/pt\/wp-json\/wp\/v2\/posts"}],"about":[{"href":"https:\/\/www.europesays.com\/pt\/wp-json\/wp\/v2\/types\/post"}],"author":[{"embeddable":true,"href":"https:\/\/www.europesays.com\/pt\/wp-json\/wp\/v2\/users\/2"}],"replies":[{"embeddable":true,"href":"https:\/\/www.europesays.com\/pt\/wp-json\/wp\/v2\/comments?post=215297"}],"version-history":[{"count":0,"href":"https:\/\/www.europesays.com\/pt\/wp-json\/wp\/v2\/posts\/215297\/revisions"}],"wp:featuredmedia":[{"embeddable":true,"href":"https:\/\/www.europesays.com\/pt\/wp-json\/wp\/v2\/media\/215298"}],"wp:attachment":[{"href":"https:\/\/www.europesays.com\/pt\/wp-json\/wp\/v2\/media?parent=215297"}],"wp:term":[{"taxonomy":"category","embeddable":true,"href":"https:\/\/www.europesays.com\/pt\/wp-json\/wp\/v2\/categories?post=215297"},{"taxonomy":"post_tag","embeddable":true,"href":"https:\/\/www.europesays.com\/pt\/wp-json\/wp\/v2\/tags?post=215297"}],"curies":[{"name":"wp","href":"https:\/\/api.w.org\/{rel}","templated":true}]}}