{"id":215301,"date":"2026-01-05T01:55:18","date_gmt":"2026-01-05T01:55:18","guid":{"rendered":"https:\/\/www.europesays.com\/pt\/215301\/"},"modified":"2026-01-05T01:55:18","modified_gmt":"2026-01-05T01:55:18","slug":"colisao-entre-automovel-e-mota-provoca-um-morto-em-esposende","status":"publish","type":"post","link":"https:\/\/www.europesays.com\/pt\/215301\/","title":{"rendered":"Colis\u00e3o entre autom\u00f3vel e mota provoca um morto em Esposende"},"content":{"rendered":"<p data-remotead-prev-elm=\"true\" data-remotead-elm-id=\"inread\">O acidente aconteceu cerca das 12.40 horas, na Rua Ponte D. Lu\u00eds Filipe, tendo o motociclista sofrido ferimentos de extrema gravidade que acabaram por se revelar fatais. O \u00f3bito foi declarado no local.<\/p>\n<p>Os dois ocupantes da viatura ligeira foram assistidos no local pelas equipas de socorro, n\u00e3o sendo necess\u00e1ria, para j\u00e1, a sua hospitaliza\u00e7\u00e3o.<\/p>\n<p>Para a ocorr\u00eancia foram mobilizadas duas ambul\u00e2ncias dos Bombeiros Volunt\u00e1rios de Esposende, bem como a Viatura M\u00e9dica de Emerg\u00eancia e Reanima\u00e7\u00e3o (VMER) de Barcelos. <\/p>\n<p>A GNR esteve no local, tomou conta da ocorr\u00eancia e est\u00e1 a investigar as circunst\u00e2ncias em que se deu o acidente.<\/p>\n","protected":false},"excerpt":{"rendered":"O acidente aconteceu cerca das 12.40 horas, na Rua Ponte D. Lu\u00eds Filipe, tendo o motociclista sofrido ferimentos&hellip;\n","protected":false},"author":2,"featured_media":215302,"comment_status":"","ping_status":"","sticky":false,"template":"","format":"standard","meta":{"footnotes":""},"categories":[10],"tags":[1455,41980,27,28,21512,15,16,14,25,26,21,22,12,13,19,20,32,23,24,33,13144,17,18,29,30,31],"class_list":{"0":"post-215301","1":"post","2":"type-post","3":"status-publish","4":"format-standard","5":"has-post-thumbnail","7":"category-portugal","8":"tag-acidentes","9":"tag-acidentes-com-motas","10":"tag-breaking-news","11":"tag-breakingnews","12":"tag-concelho-esposende","13":"tag-featured-news","14":"tag-featurednews","15":"tag-headlines","16":"tag-latest-news","17":"tag-latestnews","18":"tag-main-news","19":"tag-mainnews","20":"tag-news","21":"tag-noticias","22":"tag-noticias-principais","23":"tag-noticiasprincipais","24":"tag-portugal","25":"tag-principais-noticias","26":"tag-principaisnoticias","27":"tag-pt","28":"tag-sinistralidade","29":"tag-top-stories","30":"tag-topstories","31":"tag-ultimas","32":"tag-ultimas-noticias","33":"tag-ultimasnoticias"},"share_on_mastodon":{"url":"https:\/\/pubeurope.com\/@pt\/115840006449441164","error":""},"_links":{"self":[{"href":"https:\/\/www.europesays.com\/pt\/wp-json\/wp\/v2\/posts\/215301","targetHints":{"allow":["GET"]}}],"collection":[{"href":"https:\/\/www.europesays.com\/pt\/wp-json\/wp\/v2\/posts"}],"about":[{"href":"https:\/\/www.europesays.com\/pt\/wp-json\/wp\/v2\/types\/post"}],"author":[{"embeddable":true,"href":"https:\/\/www.europesays.com\/pt\/wp-json\/wp\/v2\/users\/2"}],"replies":[{"embeddable":true,"href":"https:\/\/www.europesays.com\/pt\/wp-json\/wp\/v2\/comments?post=215301"}],"version-history":[{"count":0,"href":"https:\/\/www.europesays.com\/pt\/wp-json\/wp\/v2\/posts\/215301\/revisions"}],"wp:featuredmedia":[{"embeddable":true,"href":"https:\/\/www.europesays.com\/pt\/wp-json\/wp\/v2\/media\/215302"}],"wp:attachment":[{"href":"https:\/\/www.europesays.com\/pt\/wp-json\/wp\/v2\/media?parent=215301"}],"wp:term":[{"taxonomy":"category","embeddable":true,"href":"https:\/\/www.europesays.com\/pt\/wp-json\/wp\/v2\/categories?post=215301"},{"taxonomy":"post_tag","embeddable":true,"href":"https:\/\/www.europesays.com\/pt\/wp-json\/wp\/v2\/tags?post=215301"}],"curies":[{"name":"wp","href":"https:\/\/api.w.org\/{rel}","templated":true}]}}