{"id":215333,"date":"2026-01-05T02:24:13","date_gmt":"2026-01-05T02:24:13","guid":{"rendered":"https:\/\/www.europesays.com\/pt\/215333\/"},"modified":"2026-01-05T02:24:13","modified_gmt":"2026-01-05T02:24:13","slug":"ipma-alarga-aviso-amarelo-para-frio-a-nove-distritos-e-prolonga-o-ate-quarta-feira-meteorologia","status":"publish","type":"post","link":"https:\/\/www.europesays.com\/pt\/215333\/","title":{"rendered":"IPMA alarga aviso amarelo para frio a nove distritos e prolonga-o at\u00e9 quarta-feira | Meteorologia"},"content":{"rendered":"<p>O Instituto Portugu\u00eas do Mar e da Atmosfera (IPMA) alargou para nove os distritos de Portugal continental sob aviso amarelo devido ao tempo frio, que foi prolongado at\u00e9 quarta-feira, devido \u00e0 persist\u00eancia de valores baixos da temperatura m\u00ednima.<\/p>\n<p>Segundo informa\u00e7\u00e3o actualizada do IPMA, v\u00e3o estar sob aviso amarelo os distritos de Bragan\u00e7a, Viseu, Guarda, Vila Real, Castelo Branco e Portalegre entre as 00h de segunda-feira e as 9h de quarta-feira, bem como \u00c9vora, Beja e Faro entre as 00h de ter\u00e7a-feira e as 9h de quarta-feira.<\/p>\n<p>O aviso amarelo, o menos grave de uma escala de tr\u00eas, \u00e9 emitido sempre que existe uma situa\u00e7\u00e3o de risco para determinadas actividades dependentes da situa\u00e7\u00e3o meteorol\u00f3gica.<\/p>\n<p>A Direc\u00e7\u00e3o-Geral da Sa\u00fade (DGS) alerta, numa<a href=\"https:\/\/www.dgs.pt\/em-destaque\/cuidados-gerais-para-o-inverno-.aspx\" target=\"_blank\" rel=\"nofollow noopener\"> nota publicada no seu site<\/a>, que &#8220;quando a temperatura desce o risco de doen\u00e7as respirat\u00f3rias, agravamento de condi\u00e7\u00f5es cr\u00f3nicas e acidentes aumenta&#8221;.<\/p>\n<p>Para se proteger dos efeitos negativos do frio na sa\u00fade, a DGS deixa v\u00e1rias <a href=\"https:\/\/www.publico.pt\/2025\/11\/30\/sociedade\/noticia\/dgs-reforca-recomendacoes-saude-devido-frio-nova-estirpe-gripe-preocupa-2156597\" rel=\"nofollow noopener\" target=\"_blank\">recomenda\u00e7\u00f5es \u00e0 popula\u00e7\u00e3o<\/a>, como evitar mudan\u00e7as bruscas de temperatura, vestir roupa por camadas, proteger as extremidades com gorro, luvas e meias quentes e usar cal\u00e7ado antiderrapante para evitar quedas.<\/p>\n<p>        &#13;<\/p>\n<p>&#13;<br \/>\n                &#13;\n            <\/p>\n<p>&#13;<\/p>\n<p>Manter a pele hidratada, sobretudo a cara, m\u00e3os e l\u00e1bios, beber \u00e1gua e bebidas quentes e comer sopa s\u00e3o outras das indica\u00e7\u00f5es, para que a popula\u00e7\u00e3o se mantenha hidratada e quente. Em casa, deve evitar-se estar mais de uma hora seguida sentado, para reduzir o risco de desenvolver problemas de sa\u00fade e ajudar a manter o corpo aquecido.<\/p>\n<p>A DGS aconselha ainda a popula\u00e7\u00e3o a fazer &#8220;refei\u00e7\u00f5es mais frequentes, encurtando as horas entre elas&#8221;, e a aumentar o consumo de alimentos ricos em vitaminas, sais minerais e antioxidantes, como, por exemplo, frutos e hort\u00edcolas, pois contribuem para reduzir o aparecimento de infec\u00e7\u00f5es. Por outro lado, deve evitar-se o consumo de alimentos fritos, com muita gordura ou a\u00e7\u00facar.<\/p>\n<p>A <a href=\"https:\/\/www.publico.pt\/2025\/12\/27\/sociedade\/noticia\/covid19-32-milhoes-vacinas-administradas-desde-primeira-ha-cinco-anos-2159427?ref=direccaogeral-de-saude&amp;cx=page__content\" rel=\"nofollow noopener\" target=\"_blank\">DGS<\/a> pede ainda especial aten\u00e7\u00e3o aos mais vulner\u00e1veis: &#8220;crian\u00e7as pequenas, pessoas idosas, pessoas com doen\u00e7as cr\u00f3nicas, trabalhadores ao ar livre ou pessoas em situa\u00e7\u00e3o de isolamento ou sem-abrigo&#8221;.<\/p>\n<p>Aconselha igualmente a popula\u00e7\u00e3o a planear com anteced\u00eancia e confirmar se tem medicamentos e alimentos suficientes, caso seja mais dif\u00edcil sair de casa, e, para os que n\u00e3o podem sair de casa, recomenda que identifiquem outras pessoas que os consigam ajudar a ir buscar alimentos e medicamentos. No exterior, por causa do <a href=\"https:\/\/www.publico.pt\/2025\/11\/24\/sociedade\/noticia\/inverno-vai-duro-causa-nova-estirpe-gripe-ministra-admite-pressao-sera-2155790\" rel=\"nofollow noopener\" target=\"_blank\">frio<\/a>, deve-se evitar esfor\u00e7os f\u00edsicos.<\/p>\n<p>        &#13;<\/p>\n<p>&#13;<br \/>\n                &#13;\n            <\/p>\n<p>&#13;<\/p>\n<p>O IPMA colocou tamb\u00e9m sob aviso amarelo a costa norte da ilha da Madeira e o Porto Santo entre as 12h de segunda-feira e as 6h de ter\u00e7a-feira, devido \u00e0 agita\u00e7\u00e3o mar\u00edtima, prevendo ondas de norte\/nordeste entre quatro e 4,5 metros.<\/p>\n<p>O arquip\u00e9lago da Madeira est\u00e1 a ser afectado desde quarta-feira pela <a href=\"https:\/\/www.publico.pt\/2025\/12\/31\/azul\/noticia\/efeitos-depressao-francis-comecam-sentirse-partir-quintafeira-2159788\" rel=\"nofollow noopener\" target=\"_blank\">depress\u00e3o Francis<\/a>, caracterizada por chuva, agita\u00e7\u00e3o mar\u00edtima e ventos fortes, o que tem motivado v\u00e1rios avisos amarelos e laranja, o segundo n\u00edvel mais grave.<\/p>\n","protected":false},"excerpt":{"rendered":"O Instituto Portugu\u00eas do Mar e da Atmosfera (IPMA) alargou para nove os distritos de Portugal continental sob&hellip;\n","protected":false},"author":2,"featured_media":215334,"comment_status":"","ping_status":"","sticky":false,"template":"","format":"standard","meta":{"footnotes":""},"categories":[10],"tags":[27,28,15,16,9086,14,350,25,26,21,22,8532,606,12,13,19,20,32,23,24,2376,33,117,58,17,18,29,30,31],"class_list":{"0":"post-215333","1":"post","2":"type-post","3":"status-publish","4":"format-standard","5":"has-post-thumbnail","7":"category-portugal","8":"tag-breaking-news","9":"tag-breakingnews","10":"tag-featured-news","11":"tag-featurednews","12":"tag-frio","13":"tag-headlines","14":"tag-ipma","15":"tag-latest-news","16":"tag-latestnews","17":"tag-main-news","18":"tag-mainnews","19":"tag-mau-tempo","20":"tag-meteorologia","21":"tag-news","22":"tag-noticias","23":"tag-noticias-principais","24":"tag-noticiasprincipais","25":"tag-portugal","26":"tag-principais-noticias","27":"tag-principaisnoticias","28":"tag-proteccao-civil","29":"tag-pt","30":"tag-saude","31":"tag-sociedade","32":"tag-top-stories","33":"tag-topstories","34":"tag-ultimas","35":"tag-ultimas-noticias","36":"tag-ultimasnoticias"},"share_on_mastodon":{"url":"https:\/\/pubeurope.com\/@pt\/115840120556061559","error":""},"_links":{"self":[{"href":"https:\/\/www.europesays.com\/pt\/wp-json\/wp\/v2\/posts\/215333","targetHints":{"allow":["GET"]}}],"collection":[{"href":"https:\/\/www.europesays.com\/pt\/wp-json\/wp\/v2\/posts"}],"about":[{"href":"https:\/\/www.europesays.com\/pt\/wp-json\/wp\/v2\/types\/post"}],"author":[{"embeddable":true,"href":"https:\/\/www.europesays.com\/pt\/wp-json\/wp\/v2\/users\/2"}],"replies":[{"embeddable":true,"href":"https:\/\/www.europesays.com\/pt\/wp-json\/wp\/v2\/comments?post=215333"}],"version-history":[{"count":0,"href":"https:\/\/www.europesays.com\/pt\/wp-json\/wp\/v2\/posts\/215333\/revisions"}],"wp:featuredmedia":[{"embeddable":true,"href":"https:\/\/www.europesays.com\/pt\/wp-json\/wp\/v2\/media\/215334"}],"wp:attachment":[{"href":"https:\/\/www.europesays.com\/pt\/wp-json\/wp\/v2\/media?parent=215333"}],"wp:term":[{"taxonomy":"category","embeddable":true,"href":"https:\/\/www.europesays.com\/pt\/wp-json\/wp\/v2\/categories?post=215333"},{"taxonomy":"post_tag","embeddable":true,"href":"https:\/\/www.europesays.com\/pt\/wp-json\/wp\/v2\/tags?post=215333"}],"curies":[{"name":"wp","href":"https:\/\/api.w.org\/{rel}","templated":true}]}}