{"id":215335,"date":"2026-01-05T02:25:08","date_gmt":"2026-01-05T02:25:08","guid":{"rendered":"https:\/\/www.europesays.com\/pt\/215335\/"},"modified":"2026-01-05T02:25:08","modified_gmt":"2026-01-05T02:25:08","slug":"oficial-luis-guilherme-custou-14-milhoes-ao-sporting","status":"publish","type":"post","link":"https:\/\/www.europesays.com\/pt\/215335\/","title":{"rendered":"Oficial: Lu\u00eds Guilherme custou 14 milh\u00f5es ao Sporting"},"content":{"rendered":"<p>O <a class=\"autolink-enabled\" data-resource-id=\"448\" data-resource-type=\"team\" data-sport=\"football\" href=\"https:\/\/www.abola.pt\/futebol\/sporting-448\" rel=\"nofollow noopener\" target=\"_blank\">Sporting<\/a> oficializou este domingo a contrata\u00e7\u00e3o de Lu\u00eds <a class=\"autolink-enabled\" data-resource-id=\"277181\" data-resource-type=\"player\" data-sport=\"football\" href=\"https:\/\/www.abola.pt\/futebol\/jogador\/luis-guilherme-277181\" rel=\"nofollow noopener\" target=\"_blank\">Guilherme<\/a> ao <a target=\"_blank\" class=\"editor-link autolink-enabled\" href=\"https:\/\/www.abola.pt\/futebol\/west-ham-94\" data-resource-id=\"94\" data-resource-type=\"team\" data-sport=\"football\" rel=\"nofollow noopener\"><a class=\"autolink-enabled\" data-resource-id=\"94\" data-resource-type=\"team\" data-sport=\"football\" href=\"https:\/\/www.abola.pt\/futebol\/west-ham-94\" rel=\"nofollow noopener\" target=\"_blank\">West Ham<\/a> e num comunicado enviado \u00e0 Comiss\u00e3o do Mercado de Valores Mobili\u00e1rios (CMVM) revelou os valores da transfer\u00eancia.<\/p>\n<p>Pelo passe do extremo de 19 anos, os verdes e brancos pagam 14 milh\u00f5es de euros no imediato mas os londrinos podem ainda receber no futuro mais 3 milh\u00f5es em b\u00f3nus por objetivos para um total de \u20ac17 M.<\/p>\n<p>\u00abA <a class=\"autolink-enabled\" data-resource-id=\"448\" data-resource-type=\"team\" data-sport=\"football\" href=\"https:\/\/www.abola.pt\/futebol\/sporting-448\" rel=\"nofollow noopener\" target=\"_blank\">Sporting<\/a> SAD chegou a acordo com o <a class=\"autolink-enabled\" data-resource-id=\"94\" data-resource-type=\"team\" data-sport=\"football\" href=\"https:\/\/www.abola.pt\/futebol\/west-ham-94\" rel=\"nofollow noopener\" target=\"_blank\">West Ham<\/a> United Football Club Limited (adiante designado <a class=\"autolink-enabled\" data-resource-id=\"94\" data-resource-type=\"team\" data-sport=\"football\" href=\"https:\/\/www.abola.pt\/futebol\/west-ham-94\" rel=\"nofollow noopener\" target=\"_blank\">West Ham<\/a>), com rela\u00e7\u00e3o \u00e0 aquisi\u00e7\u00e3o, a t\u00edtulo definitivo, dos direitos desportivos do jogador <a class=\"autolink-enabled\" data-resource-id=\"277181\" data-resource-type=\"player\" data-sport=\"football\" href=\"https:\/\/www.abola.pt\/futebol\/jogador\/luis-guilherme-277181\" rel=\"nofollow noopener\" target=\"_blank\">Luis Guilherme<\/a> Lira dos Santos (adiante designado jogador), pelo montante total fixo de 14.000.000,00 (catorze milh\u00f5es de euros), ao qual poder\u00e1 acrescer um montante total condicional de at\u00e9 \u20ac3.000.000,00 (tr\u00eas milh\u00f5es de euros), mediante a verifica\u00e7\u00e3o de determinados objetivos relacionados com a performance desportiva do jogador e da <a class=\"autolink-enabled\" data-resource-id=\"448\" data-resource-type=\"team\" data-sport=\"football\" href=\"https:\/\/www.abola.pt\/futebol\/sporting-448\" rel=\"nofollow noopener\" target=\"_blank\">Sporting<\/a> SAD, tendo o <a class=\"autolink-enabled\" data-resource-id=\"94\" data-resource-type=\"team\" data-sport=\"football\" href=\"https:\/\/www.abola.pt\/futebol\/west-ham-94\" rel=\"nofollow noopener\" target=\"_blank\">West Ham<\/a> garantido o direito a receber o montante correspondente a 15 % da mais-valia de uma eventual futura transfer\u00eancia do jogador. Mais se informa que o valor do mecanismo de solidariedade devido a clubes terceiros ser\u00e1 suportado pela <a class=\"autolink-enabled\" data-resource-id=\"448\" data-resource-type=\"team\" data-sport=\"football\" href=\"https:\/\/www.abola.pt\/futebol\/sporting-448\" rel=\"nofollow noopener\" target=\"_blank\">Sporting<\/a> SAD e pelo <a class=\"autolink-enabled\" data-resource-id=\"94\" data-resource-type=\"team\" data-sport=\"football\" href=\"https:\/\/www.abola.pt\/futebol\/west-ham-94\" rel=\"nofollow noopener\" target=\"_blank\">West Ham<\/a> em partes iguais\u00bb, l\u00ea-se na missiva leonina.<\/p>\n<p>Lu\u00eds <a target=\"_blank\" class=\"editor-link autolink-enabled\" href=\"https:\/\/www.abola.pt\/futebol\/jogador\/luis-guilherme-277181\" data-resource-id=\"277181\" data-resource-type=\"player\" data-sport=\"football\" rel=\"nofollow noopener\">Guilherme<\/a> assinou contrato de quatro \u00e9pocas e meia, ou seja, v\u00e1lido at\u00e9 junho de 2030, e fica com cl\u00e1usula de rescis\u00e3o de 80 milh\u00f5es de euros. Como pode ler-se no comunicado, os hammers reservam direiro a 15 por cento da mais-valia numa venda futura do jogador.<\/p>\n","protected":false},"excerpt":{"rendered":"O Sporting oficializou este domingo a contrata\u00e7\u00e3o de Lu\u00eds Guilherme ao West Ham e num comunicado enviado \u00e0&hellip;\n","protected":false},"author":2,"featured_media":215336,"comment_status":"","ping_status":"","sticky":false,"template":"","format":"standard","meta":{"footnotes":""},"categories":[8],"tags":[27,28,15,16,14,25,26,21,22,12,13,19,20,32,23,24,33,17,18,29,30,31],"class_list":{"0":"post-215335","1":"post","2":"type-post","3":"status-publish","4":"format-standard","5":"has-post-thumbnail","7":"category-principais-noticias","8":"tag-breaking-news","9":"tag-breakingnews","10":"tag-featured-news","11":"tag-featurednews","12":"tag-headlines","13":"tag-latest-news","14":"tag-latestnews","15":"tag-main-news","16":"tag-mainnews","17":"tag-news","18":"tag-noticias","19":"tag-noticias-principais","20":"tag-noticiasprincipais","21":"tag-portugal","22":"tag-principais-noticias","23":"tag-principaisnoticias","24":"tag-pt","25":"tag-top-stories","26":"tag-topstories","27":"tag-ultimas","28":"tag-ultimas-noticias","29":"tag-ultimasnoticias"},"share_on_mastodon":{"url":"https:\/\/pubeurope.com\/@pt\/115840124393289779","error":""},"_links":{"self":[{"href":"https:\/\/www.europesays.com\/pt\/wp-json\/wp\/v2\/posts\/215335","targetHints":{"allow":["GET"]}}],"collection":[{"href":"https:\/\/www.europesays.com\/pt\/wp-json\/wp\/v2\/posts"}],"about":[{"href":"https:\/\/www.europesays.com\/pt\/wp-json\/wp\/v2\/types\/post"}],"author":[{"embeddable":true,"href":"https:\/\/www.europesays.com\/pt\/wp-json\/wp\/v2\/users\/2"}],"replies":[{"embeddable":true,"href":"https:\/\/www.europesays.com\/pt\/wp-json\/wp\/v2\/comments?post=215335"}],"version-history":[{"count":0,"href":"https:\/\/www.europesays.com\/pt\/wp-json\/wp\/v2\/posts\/215335\/revisions"}],"wp:featuredmedia":[{"embeddable":true,"href":"https:\/\/www.europesays.com\/pt\/wp-json\/wp\/v2\/media\/215336"}],"wp:attachment":[{"href":"https:\/\/www.europesays.com\/pt\/wp-json\/wp\/v2\/media?parent=215335"}],"wp:term":[{"taxonomy":"category","embeddable":true,"href":"https:\/\/www.europesays.com\/pt\/wp-json\/wp\/v2\/categories?post=215335"},{"taxonomy":"post_tag","embeddable":true,"href":"https:\/\/www.europesays.com\/pt\/wp-json\/wp\/v2\/tags?post=215335"}],"curies":[{"name":"wp","href":"https:\/\/api.w.org\/{rel}","templated":true}]}}