{"id":215350,"date":"2026-01-05T02:39:11","date_gmt":"2026-01-05T02:39:11","guid":{"rendered":"https:\/\/www.europesays.com\/pt\/215350\/"},"modified":"2026-01-05T02:39:11","modified_gmt":"2026-01-05T02:39:11","slug":"trump-avisa-presidente-interina-pagara-mais-caro-que-maduro-se-nao-fizer-o-que-deve","status":"publish","type":"post","link":"https:\/\/www.europesays.com\/pt\/215350\/","title":{"rendered":"Trump avisa: Presidente interina &#8220;pagar\u00e1 mais caro&#8221; que Maduro se &#8220;n\u00e3o fizer o que deve&#8221;"},"content":{"rendered":"<p class=\"category\"><a href=\"https:\/\/sicnoticias.pt\/especiais\/ataque-dos-eua-a-venezuela\" rel=\"nofollow noopener\" target=\"_blank\">Ataque dos EUA \u00e0 Venezuela<\/a><\/p>\n<p>As declara\u00e7\u00f5es do Presidente dos EUA foram feitas ap\u00f3s militares norte-americanos terem capturado Nicol\u00e1s Maduro em Caracas para julgamento nos EUA, com Trump a classificar a Venezuela como um pa\u00eds &#8216;em fal\u00eancia&#8217; e uma &#8216;cat\u00e1strofe em todos os dom\u00ednios&#8217;.<\/p>\n<p><img decoding=\"async\" src=\"https:\/\/www.europesays.com\/pt\/wp-content\/uploads\/2026\/01\/1767580751_477_original.webp\" alt=\"Donald Trump\"\/><\/p>\n<p>Donald Trump<\/p>\n<p>Anna Moneymaker<\/p>\n<p><strong>O Presidente dos Estados Unidos, Donald Trump, avisou, este domingo, que a Presidente interina da Venezuela, Delcy Rodr\u00edguez, &#8220;pagar\u00e1 mais caro do que Maduro&#8221; se &#8220;n\u00e3o fizer o que deve&#8221;.<\/strong><\/p>\n<p>A <strong>Venezuela, concluiu, est\u00e1 &#8220;em fal\u00eancia&#8221;<\/strong> e o &#8220;pa\u00eds \u00e9 uma cat\u00e1strofe em todos os dom\u00ednios&#8221;.<\/p>\n<p>Na entrevista, <strong>Donald Trump reafirmou a ideia de uma interven\u00e7\u00e3o semelhante na Gronel\u00e2ndia<\/strong>, um territ\u00f3rio aut\u00f3nomo da Dinamarca h\u00e1 muito cobi\u00e7ado pelos Estados Unidos.<\/p>\n<p>\n&#8220;Precisamos da Gronel\u00e2ndia, com certeza&#8221;, disse, descrevendo a ilha como estando &#8220;rodeada de navios russos e chineses&#8221;.<\/p>\n<p>\nAo in\u00edcio deste domingo, o chefe da diplomacia norte-americana, Marco Rubio, disse que os Estados Unidos v\u00e3o trabalhar com os venezuelanos &#8220;se tomarem boas decis\u00f5es&#8221;.<\/p>\n<p>\nNo s\u00e1bado, Donald Trump declarou que Delcy Rodriguez estava disposta a cooperar com os Estados Unidos, mas a vice-presidente respondeu que a Venezuela estava pronta para se defender.<\/p>\n<p>Artigo atualizado \u00e0s 18:46<\/p>\n","protected":false},"excerpt":{"rendered":"Ataque dos EUA \u00e0 Venezuela As declara\u00e7\u00f5es do Presidente dos EUA foram feitas ap\u00f3s militares norte-americanos terem capturado&hellip;\n","protected":false},"author":2,"featured_media":215351,"comment_status":"","ping_status":"","sticky":false,"template":"","format":"standard","meta":{"footnotes":""},"categories":[8],"tags":[27,28,15,16,14,25,26,21,22,12,13,19,20,32,23,24,33,17,18,29,30,31],"class_list":{"0":"post-215350","1":"post","2":"type-post","3":"status-publish","4":"format-standard","5":"has-post-thumbnail","7":"category-principais-noticias","8":"tag-breaking-news","9":"tag-breakingnews","10":"tag-featured-news","11":"tag-featurednews","12":"tag-headlines","13":"tag-latest-news","14":"tag-latestnews","15":"tag-main-news","16":"tag-mainnews","17":"tag-news","18":"tag-noticias","19":"tag-noticias-principais","20":"tag-noticiasprincipais","21":"tag-portugal","22":"tag-principais-noticias","23":"tag-principaisnoticias","24":"tag-pt","25":"tag-top-stories","26":"tag-topstories","27":"tag-ultimas","28":"tag-ultimas-noticias","29":"tag-ultimasnoticias"},"share_on_mastodon":{"url":"https:\/\/pubeurope.com\/@pt\/115840179520804637","error":""},"_links":{"self":[{"href":"https:\/\/www.europesays.com\/pt\/wp-json\/wp\/v2\/posts\/215350","targetHints":{"allow":["GET"]}}],"collection":[{"href":"https:\/\/www.europesays.com\/pt\/wp-json\/wp\/v2\/posts"}],"about":[{"href":"https:\/\/www.europesays.com\/pt\/wp-json\/wp\/v2\/types\/post"}],"author":[{"embeddable":true,"href":"https:\/\/www.europesays.com\/pt\/wp-json\/wp\/v2\/users\/2"}],"replies":[{"embeddable":true,"href":"https:\/\/www.europesays.com\/pt\/wp-json\/wp\/v2\/comments?post=215350"}],"version-history":[{"count":0,"href":"https:\/\/www.europesays.com\/pt\/wp-json\/wp\/v2\/posts\/215350\/revisions"}],"wp:featuredmedia":[{"embeddable":true,"href":"https:\/\/www.europesays.com\/pt\/wp-json\/wp\/v2\/media\/215351"}],"wp:attachment":[{"href":"https:\/\/www.europesays.com\/pt\/wp-json\/wp\/v2\/media?parent=215350"}],"wp:term":[{"taxonomy":"category","embeddable":true,"href":"https:\/\/www.europesays.com\/pt\/wp-json\/wp\/v2\/categories?post=215350"},{"taxonomy":"post_tag","embeddable":true,"href":"https:\/\/www.europesays.com\/pt\/wp-json\/wp\/v2\/tags?post=215350"}],"curies":[{"name":"wp","href":"https:\/\/api.w.org\/{rel}","templated":true}]}}