{"id":215354,"date":"2026-01-05T02:46:10","date_gmt":"2026-01-05T02:46:10","guid":{"rendered":"https:\/\/www.europesays.com\/pt\/215354\/"},"modified":"2026-01-05T02:46:10","modified_gmt":"2026-01-05T02:46:10","slug":"medio-fica-de-fora-da-final-four-da-taca-da-liga","status":"publish","type":"post","link":"https:\/\/www.europesays.com\/pt\/215354\/","title":{"rendered":"m\u00e9dio fica de fora da final four da Ta\u00e7a da Liga"},"content":{"rendered":"<p>&#8211; Advertisement &#8211;<\/p>\n<p><strong>O Sporting j\u00e1 decidiu que Daniel Bragan\u00e7a n\u00e3o vai entrar nos planos da equipa principal na final four da Ta\u00e7a da Liga.<\/strong><\/p>\n<p>Daniel Bragan\u00e7a n\u00e3o vai entrar nos planos de Rui Borges para a final four da Ta\u00e7a da Liga, de acordo com o jornal A Bola. O m\u00e9dio participou <a href=\"https:\/\/bolanarede.pt\/especial-bola-na-rede\/atualidade\/academico-de-viseu-vence-sporting-b-de-daniel-braganca-e-sobe-ao-2o-lugar-da-segunda-liga-eis-os-primeiros-resultados-do-dia-na-prova\/\" target=\"_blank\" rel=\"noreferrer noopener nofollow\">na derrota do Sporting B frente ao Acad\u00e9mico de Viseu<\/a>, mas ainda n\u00e3o est\u00e1 em total condi\u00e7\u00f5es de poder ajudar a forma\u00e7\u00e3o principal.<\/p>\n<p>O jogador ficou de fora praticamente um ano, depois de ter sofrido uma rotura do ligamento cruzado do joelho esquerdo, estando em recupera\u00e7\u00e3o da cirurgia. Daniel Bragan\u00e7a ter\u00e1 que ganhar ritmo de jogo e confian\u00e7a, de maneira a poder voltar a ser op\u00e7\u00e3o recorrente nos A\u2019s.<\/p>\n<p>Daniel Bragan\u00e7a poder\u00e1 ser integrado ap\u00f3s a Ta\u00e7a da Liga. O Sporting vai bater-se com o Casa Pia no dia 16 de janeiro, partida que pode marcar o regresso do atleta \u00e0 forma\u00e7\u00e3o principal.<\/p>\n","protected":false},"excerpt":{"rendered":"&#8211; Advertisement &#8211; O Sporting j\u00e1 decidiu que Daniel Bragan\u00e7a n\u00e3o vai entrar nos planos da equipa principal&hellip;\n","protected":false},"author":2,"featured_media":215355,"comment_status":"","ping_status":"","sticky":false,"template":"","format":"standard","meta":{"footnotes":""},"categories":[87],"tags":[260,135,41986,32,33,34,134],"class_list":{"0":"post-215354","1":"post","2":"type-post","3":"status-publish","4":"format-standard","5":"has-post-thumbnail","7":"category-desporto","8":"tag-atualidade","9":"tag-desporto","10":"tag-destaques-bndaniel-bragancar","11":"tag-portugal","12":"tag-pt","13":"tag-sporting","14":"tag-sports"},"share_on_mastodon":{"url":"https:\/\/pubeurope.com\/@pt\/115840207034438221","error":""},"_links":{"self":[{"href":"https:\/\/www.europesays.com\/pt\/wp-json\/wp\/v2\/posts\/215354","targetHints":{"allow":["GET"]}}],"collection":[{"href":"https:\/\/www.europesays.com\/pt\/wp-json\/wp\/v2\/posts"}],"about":[{"href":"https:\/\/www.europesays.com\/pt\/wp-json\/wp\/v2\/types\/post"}],"author":[{"embeddable":true,"href":"https:\/\/www.europesays.com\/pt\/wp-json\/wp\/v2\/users\/2"}],"replies":[{"embeddable":true,"href":"https:\/\/www.europesays.com\/pt\/wp-json\/wp\/v2\/comments?post=215354"}],"version-history":[{"count":0,"href":"https:\/\/www.europesays.com\/pt\/wp-json\/wp\/v2\/posts\/215354\/revisions"}],"wp:featuredmedia":[{"embeddable":true,"href":"https:\/\/www.europesays.com\/pt\/wp-json\/wp\/v2\/media\/215355"}],"wp:attachment":[{"href":"https:\/\/www.europesays.com\/pt\/wp-json\/wp\/v2\/media?parent=215354"}],"wp:term":[{"taxonomy":"category","embeddable":true,"href":"https:\/\/www.europesays.com\/pt\/wp-json\/wp\/v2\/categories?post=215354"},{"taxonomy":"post_tag","embeddable":true,"href":"https:\/\/www.europesays.com\/pt\/wp-json\/wp\/v2\/tags?post=215354"}],"curies":[{"name":"wp","href":"https:\/\/api.w.org\/{rel}","templated":true}]}}